{"id":28290,"date":"2025-08-21T18:53:55","date_gmt":"2025-08-21T21:53:55","guid":{"rendered":"https:\/\/partediario.com.ar\/?p=28290"},"modified":"2025-08-22T11:49:51","modified_gmt":"2025-08-22T14:49:51","slug":"el-modelo-de-milei-es-criminal-y-no-los-vamos-a-dejar-destruir-la-escuela-publica-senalo-axel-kicillof","status":"publish","type":"post","link":"https:\/\/partediario.com.ar\/?p=28290","title":{"rendered":"\u201cEl modelo de Milei es criminal y no los vamos a dejar destruir la escuela p\u00fablica\u201d, se\u00f1al\u00f3 Axel Kicillof"},"content":{"rendered":"\n<h2 class=\"wp-block-heading\">El gobernador bonaerense, Axel Kicillof, calific\u00f3 hoy de \u201ccriminal\u201d, el modelo del presidente Javier Milei y apunt\u00f3 que su gesti\u00f3n no permitir\u00e1 \u201cla destrucci\u00f3n de la escuela p\u00fablica\u201d, lo dijo al encabezar un acto en Florencio Varela.<\/h2>\n\n\n\n<p>\u201cPensemos en la idea de que no haya escuela p\u00fablica, porque es lo que nos est\u00e1n proponiendo: escuela p\u00fablica, \u00a1afuera!; salud p\u00fablica, \u00a1afuera! Este modelo que estamos viviendo es injusto y criminal\u201d, expres\u00f3 Kicillof al inaugurar la escuela N\u00b0 280 de la gesti\u00f3n bonaerense en Varela.<\/p>\n\n\n\n<p>Asimismo, el gobernador bonaerense subray\u00f3 que durante las elecciones del 7 de septiembre la propuesta de Fuerza Patria es la que dice que \u201ctiene que haber m\u00e1s educaci\u00f3n, no menos\u201d y enfatiz\u00f3: \u201cNo los vamos a dejar destruir la escuela p\u00fablica\u201d.<\/p>\n\n\n\n<p>\u201cEn todo el planeta los Gobiernos nacionales tienen la obligaci\u00f3n de hacer obra p\u00fablica, ni es un capricho. Es lo que hacen todos los gobiernos del mundo, menos uno. El que nos toca transitar hoy\u201d, se\u00f1al\u00f3 el gobernador al cuestionar el ajuste de fondos nacionales en esa materia.<\/p>\n\n\n\n<p>Kicillof estuvo acompa\u00f1ado por la vicegobernadora y candidata por Fuerza Patria a diputada bonaerense Ver\u00f3nica Magario, el intendente local, Andr\u00e9s Watson, el ministro de Educaci\u00f3n, Alberto Sileoni y el intendente de Almirante Brown, Mariano Casta\u00f1ares, quien adem\u00e1s es candidato a legislador en las elecciones bonaerenses.<\/p>\n","protected":false},"excerpt":{"rendered":"<p>El gobernador bonaerense, Axel Kicillof, calific&oacute; hoy de &ldquo;criminal&rdquo;, el modelo del presidente Javier Milei y apunt&oacute; que su gesti&oacute;n no permitir&aacute; &ldquo;la destrucci&oacute;n de la escuela p&uacute;blica&rdquo;, lo dijo al encabezar un acto en Florencio Varela. &ldquo;Pensemos en la idea de que no haya escuela p&uacute;blica, porque es lo que nos est&aacute;n proponiendo: escuela [&hellip;]<\/p>\n","protected":false},"author":2,"featured_media":28291,"comment_status":"closed","ping_status":"closed","sticky":false,"template":"","format":"standard","meta":{"footnotes":""},"categories":[5,176],"tags":[1112,6586,1002,5177,232,1110],"class_list":["post-28290","post","type-post","status-publish","format-standard","has-post-thumbnail","hentry","category-nacionales","category-politica","tag-axel-kicillof","tag-destruccion","tag-escuela","tag-florencio-varela","tag-javier-milei","tag-publica"],"_links":{"self":[{"href":"https:\/\/partediario.com.ar\/index.php?rest_route=\/wp\/v2\/posts\/28290","targetHints":{"allow":["GET"]}}],"collection":[{"href":"https:\/\/partediario.com.ar\/index.php?rest_route=\/wp\/v2\/posts"}],"about":[{"href":"https:\/\/partediario.com.ar\/index.php?rest_route=\/wp\/v2\/types\/post"}],"author":[{"embeddable":true,"href":"https:\/\/partediario.com.ar\/index.php?rest_route=\/wp\/v2\/users\/2"}],"replies":[{"embeddable":true,"href":"https:\/\/partediario.com.ar\/index.php?rest_route=%2Fwp%2Fv2%2Fcomments&post=28290"}],"version-history":[{"count":1,"href":"https:\/\/partediario.com.ar\/index.php?rest_route=\/wp\/v2\/posts\/28290\/revisions"}],"predecessor-version":[{"id":28292,"href":"https:\/\/partediario.com.ar\/index.php?rest_route=\/wp\/v2\/posts\/28290\/revisions\/28292"}],"wp:featuredmedia":[{"embeddable":true,"href":"https:\/\/partediario.com.ar\/index.php?rest_route=\/wp\/v2\/media\/28291"}],"wp:attachment":[{"href":"https:\/\/partediario.com.ar\/index.php?rest_route=%2Fwp%2Fv2%2Fmedia&parent=28290"}],"wp:term":[{"taxonomy":"category","embeddable":true,"href":"https:\/\/partediario.com.ar\/index.php?rest_route=%2Fwp%2Fv2%2Fcategories&post=28290"},{"taxonomy":"post_tag","embeddable":true,"href":"https:\/\/partediario.com.ar\/index.php?rest_route=%2Fwp%2Fv2%2Ftags&post=28290"}],"curies":[{"name":"wp","href":"https:\/\/api.w.org\/{rel}","templated":true}]}}