{"id":28293,"date":"2025-08-21T19:02:00","date_gmt":"2025-08-21T22:02:00","guid":{"rendered":"https:\/\/partediario.com.ar\/?p=28293"},"modified":"2025-08-22T11:49:47","modified_gmt":"2025-08-22T14:49:47","slug":"tras-el-escandalo-en-avellaneda-alonso-destrozo-a-bullrich-y-espert","status":"publish","type":"post","link":"https:\/\/partediario.com.ar\/?p=28293","title":{"rendered":"Tras el esc\u00e1ndalo en Avellaneda: Alonso destroz\u00f3 a Bullrich y Espert"},"content":{"rendered":"\n<h2 class=\"wp-block-heading\">El Ministro de Seguridad de la Provincia de Buenos Aires, Javier Alonso, apunt\u00f3 contra Patricia Bullrich y Jos\u00e9 Luis Espert por sus dichos en contra del operativo policial del encuentro entre Independiente y Universidad de Chile por los octavos de final de la Copa Sudamericana.<\/h2>\n\n\n\n<p>\u201cConmebol y FIFA disponen desde hace a\u00f1os los partidos con hinchadas visitantes. Desconoce la aplicaci\u00f3n de cualquier tipo de reglamento. El concepto de hinchada visitante del que habla tiene que ver solo con los torneos locales\u201d, expres\u00f3 el Ministro de Seguridad de la Provincia de Buenos Aires en su mensaje de X.<\/p>\n\n\n\n<p><\/p>\n\n\n\n<blockquote class=\"twitter-tweet\"><p lang=\"es\" dir=\"ltr\">Bullrich siempre miente.<br><br>Nuevamente, en modo campa\u00f1a, la ministra y CANDIDATA miente.<br><br>Conmebol y FIFA determinan desde hace a\u00f1os los partidos con hinchadas visitantes. Desconoce la aplicaci\u00f3n de cualquier tipo de reglamento. El concepto de hinchada visitante del que habla tiene\u2026<\/p>&mdash; Javier Alonso (@JaviAlonsook) <a href=\"https:\/\/twitter.com\/JaviAlonsook\/status\/1958550490872008790?ref_src=twsrc%5Etfw\">August 21, 2025<\/a><\/blockquote> <script async src=\"https:\/\/platform.twitter.com\/widgets.js\" charset=\"utf-8\"><\/script>\n\n\n\n<p><\/p>\n\n\n\n<p>Alonso indic\u00f3: \u201ctodos los protocolos que corresponden al Ministerio de Seguridad de la Provincia de Buenos Aires y a la APreViDe fueron controlados, supervisados y aprobados\u201d En el cierre de su respuesta dirigida hacia Bullrich, el funcionario dispar\u00f3 una fuerte chicana pol\u00edtica: \u201c Tantos a\u00f1os cerca de su amigo Mauricio Macri (autoridad de FIFA), la autorizan para consultarle sobre protocolos y medidas que evidentemente desconoce\u201d.<\/p>\n\n\n\n<p><\/p>\n\n\n\n<blockquote class=\"twitter-tweet\"><p lang=\"es\" dir=\"ltr\">De mirar para otro lado, Espert sabe mucho<br><br>Nunca explic\u00f3 la dudosa procedencia de sus aportes de campa\u00f1a ni sus v\u00ednculos con personajes ligados al narcotr\u00e1fico.<br><br>Nosotros no solamente miramos a fondo, sino que tambi\u00e9n actuamos. <br><br>Actuamos con responsabilidad y siguiendo los\u2026<\/p>&mdash; Javier Alonso (@JaviAlonsook) <a href=\"https:\/\/twitter.com\/JaviAlonsook\/status\/1958600749551681646?ref_src=twsrc%5Etfw\">August 21, 2025<\/a><\/blockquote> <script async src=\"https:\/\/platform.twitter.com\/widgets.js\" charset=\"utf-8\"><\/script>\n\n\n\n<p><\/p>\n\n\n\n<p>Tambi\u00e9n apunt\u00f3 contra Espert, quien acuso de inoperante al entorno del gobernador de la Provincia de Buenos Aires, Axel Kicillof.<\/p>\n\n\n\n<p>El Ministerio de Seguridad bonaerense destaca que no se puede poner en la misma bolsa a las familias que asisten a los estadios con un peque\u00f1o grupo de violentos. La gran mayor\u00eda del p\u00fablico que concurre a los partidos lo hace de manera pac\u00edfica, sin haber estado expuesta a situaciones de riesgo ni sufrir lesiones.<\/p>\n\n\n\n<p>\u201cSe actu\u00f3 como se debe actuar. La responsabilidad de la Conmebol y del club es una, y la de la Polic\u00eda de la Provincia de Buenos Aires es otra. Y, como siempre, hacemos todo con enorme profesionalismo\u201d, consluy\u00f3 su respuesta para Jos\u00e9 Luis Espert.<\/p>\n\n\n\n<p>M\u00e1s all\u00e1 de la cruce pol\u00edtico, este lamentable episodio puso nuevamente sobre \u00abel tapete\u00bb, el delicado debate sobre c\u00f3mo garantizar la seguridad en espect\u00e1culos masivos.<\/p>\n","protected":false},"excerpt":{"rendered":"<p>El Ministro de Seguridad de la Provincia de Buenos Aires, Javier Alonso, apunt&oacute; contra Patricia Bullrich y Jos&eacute; Luis Espert por sus dichos en contra del operativo policial del encuentro entre Independiente y Universidad de Chile por los octavos de final de la Copa Sudamericana. &ldquo;Conmebol y FIFA disponen desde hace a&ntilde;os los partidos con [&hellip;]<\/p>\n","protected":false},"author":2,"featured_media":28294,"comment_status":"closed","ping_status":"closed","sticky":false,"template":"","format":"standard","meta":{"footnotes":""},"categories":[4,5,176],"tags":[6587,6589,5026,1302,510,6588],"class_list":["post-28293","post","type-post","status-publish","format-standard","has-post-thumbnail","hentry","category-deportes","category-nacionales","category-politica","tag-avellaneda","tag-independiente","tag-javier-alonso","tag-jose-luis-espert","tag-patricia-bullrich","tag-universidad-de-chile"],"_links":{"self":[{"href":"https:\/\/partediario.com.ar\/index.php?rest_route=\/wp\/v2\/posts\/28293","targetHints":{"allow":["GET"]}}],"collection":[{"href":"https:\/\/partediario.com.ar\/index.php?rest_route=\/wp\/v2\/posts"}],"about":[{"href":"https:\/\/partediario.com.ar\/index.php?rest_route=\/wp\/v2\/types\/post"}],"author":[{"embeddable":true,"href":"https:\/\/partediario.com.ar\/index.php?rest_route=\/wp\/v2\/users\/2"}],"replies":[{"embeddable":true,"href":"https:\/\/partediario.com.ar\/index.php?rest_route=%2Fwp%2Fv2%2Fcomments&post=28293"}],"version-history":[{"count":1,"href":"https:\/\/partediario.com.ar\/index.php?rest_route=\/wp\/v2\/posts\/28293\/revisions"}],"predecessor-version":[{"id":28295,"href":"https:\/\/partediario.com.ar\/index.php?rest_route=\/wp\/v2\/posts\/28293\/revisions\/28295"}],"wp:featuredmedia":[{"embeddable":true,"href":"https:\/\/partediario.com.ar\/index.php?rest_route=\/wp\/v2\/media\/28294"}],"wp:attachment":[{"href":"https:\/\/partediario.com.ar\/index.php?rest_route=%2Fwp%2Fv2%2Fmedia&parent=28293"}],"wp:term":[{"taxonomy":"category","embeddable":true,"href":"https:\/\/partediario.com.ar\/index.php?rest_route=%2Fwp%2Fv2%2Fcategories&post=28293"},{"taxonomy":"post_tag","embeddable":true,"href":"https:\/\/partediario.com.ar\/index.php?rest_route=%2Fwp%2Fv2%2Ftags&post=28293"}],"curies":[{"name":"wp","href":"https:\/\/api.w.org\/{rel}","templated":true}]}}