{"id":2830,"date":"2024-06-18T17:44:23","date_gmt":"2024-06-18T20:44:23","guid":{"rendered":"https:\/\/partediario.com.ar\/?p=2830"},"modified":"2024-06-18T17:44:25","modified_gmt":"2024-06-18T20:44:25","slug":"parana-buscan-intensamente-a-tres-menores-que-se-retiraron-de-una-residencia-del-copnaf","status":"publish","type":"post","link":"https:\/\/partediario.com.ar\/?p=2830","title":{"rendered":"Paran\u00e1: buscan intensamente a tres menores que se retiraron de una residencia del Copnaf"},"content":{"rendered":"\n<h3 class=\"wp-block-heading\">Se trata de tres adolescentes de 15 y 16 a\u00f1os. Se retiraron este lunes por la noche de la residencia Mujerecitas, ubicada en calle Pascual Palma de la capital provincial y aun no han regresado.<\/h3>\n\n\n\n<p>Desde la Unidad Fiscal de Ni\u00f1as, Ni\u00f1os y Adolescentes de Paran\u00e1 se pide la colaboraci\u00f3n de la ciudadan\u00eda con el fin de dar con el paradero de las menores Ariana Mart\u00ednez de 15 a\u00f1os que vest\u00eda campera negra con tachas, jean azul y zapatillas blancas; Kiara D\u00edaz, de 16 a\u00f1os que vest\u00eda pantal\u00f3n buzo azul, campera inflable y zapatillas negras, y de Kiara Clemente, de 16 a\u00f1os, que vest\u00eda jeans negro, campera inflable y zapatillas negras.<\/p>\n\n\n\n<p>Las menores se retiraron anoche cerca de las 12 de la Residencia Mujercitas, desde ese momento no se tuvo m\u00e1s comunicaci\u00f3n con ellas.<\/p>\n\n\n\n<p>Cualquier informaci\u00f3n sobre los paraderos puede suministrarse al 911, a la Mesa de Informaci\u00f3n Permanente del Poder Judicial 0800 444 6372 o a la Divisi\u00f3n de Minoridad (0343) 420914\/915.<\/p>\n","protected":false},"excerpt":{"rendered":"<p>Se trata de tres adolescentes de 15 y 16 a&ntilde;os. Se retiraron este lunes por la noche de la residencia Mujerecitas, ubicada en calle Pascual Palma de la capital provincial y aun no han regresado. Desde la Unidad Fiscal de Ni&ntilde;as, Ni&ntilde;os y Adolescentes de Paran&aacute; se pide la colaboraci&oacute;n de la ciudadan&iacute;a con el [&hellip;]<\/p>\n","protected":false},"author":2,"featured_media":2831,"comment_status":"open","ping_status":"open","sticky":false,"template":"","format":"standard","meta":{"footnotes":""},"categories":[6,7],"tags":[343,584,449,342,257,586,585,265],"class_list":["post-2830","post","type-post","status-publish","format-standard","has-post-thumbnail","hentry","category-locales","category-policiales","tag-adolescentes","tag-ariana-martinez","tag-busqueda","tag-copnaf","tag-entre-rios","tag-kiara-clemente","tag-kiara-diaz","tag-parana"],"_links":{"self":[{"href":"https:\/\/partediario.com.ar\/index.php?rest_route=\/wp\/v2\/posts\/2830","targetHints":{"allow":["GET"]}}],"collection":[{"href":"https:\/\/partediario.com.ar\/index.php?rest_route=\/wp\/v2\/posts"}],"about":[{"href":"https:\/\/partediario.com.ar\/index.php?rest_route=\/wp\/v2\/types\/post"}],"author":[{"embeddable":true,"href":"https:\/\/partediario.com.ar\/index.php?rest_route=\/wp\/v2\/users\/2"}],"replies":[{"embeddable":true,"href":"https:\/\/partediario.com.ar\/index.php?rest_route=%2Fwp%2Fv2%2Fcomments&post=2830"}],"version-history":[{"count":1,"href":"https:\/\/partediario.com.ar\/index.php?rest_route=\/wp\/v2\/posts\/2830\/revisions"}],"predecessor-version":[{"id":2832,"href":"https:\/\/partediario.com.ar\/index.php?rest_route=\/wp\/v2\/posts\/2830\/revisions\/2832"}],"wp:featuredmedia":[{"embeddable":true,"href":"https:\/\/partediario.com.ar\/index.php?rest_route=\/wp\/v2\/media\/2831"}],"wp:attachment":[{"href":"https:\/\/partediario.com.ar\/index.php?rest_route=%2Fwp%2Fv2%2Fmedia&parent=2830"}],"wp:term":[{"taxonomy":"category","embeddable":true,"href":"https:\/\/partediario.com.ar\/index.php?rest_route=%2Fwp%2Fv2%2Fcategories&post=2830"},{"taxonomy":"post_tag","embeddable":true,"href":"https:\/\/partediario.com.ar\/index.php?rest_route=%2Fwp%2Fv2%2Ftags&post=2830"}],"curies":[{"name":"wp","href":"https:\/\/api.w.org\/{rel}","templated":true}]}}