{"id":28311,"date":"2025-08-22T11:43:40","date_gmt":"2025-08-22T14:43:40","guid":{"rendered":"https:\/\/partediario.com.ar\/?p=28311"},"modified":"2025-08-23T17:36:26","modified_gmt":"2025-08-23T20:36:26","slug":"cristina-kirchner-acuso-a-javier-milei-por-el-escandalo-en-la-agencia-de-discapacidad","status":"publish","type":"post","link":"https:\/\/partediario.com.ar\/?p=28311","title":{"rendered":"Cristina Kirchner acus\u00f3 a Javier Milei por el esc\u00e1ndalo en la Agencia de Discapacidad"},"content":{"rendered":"\n<h2 class=\"wp-block-heading\">La ex presidenta Cristina Kirchner lanz\u00f3 este viernes un fuerte mensaje contra el presidente Javier Milei, al denunciar a trav\u00e9s de un extenso posteo en su cuenta de X un presunto esquema de cobro de coimas en el \u00e1mbito de la Agencia Nacional de Discapacidad, en el que involucr\u00f3 directamente a la hermana del mandatario, Karina Milei, y al funcionario Hern\u00e1n \u201cLule\u201d Menem.<\/h2>\n\n\n\n<p>En un mensaje titulado ir\u00f3nicamente \u201cChe Milei\u2026 \u00bfTe acord\u00e1s de la \u2018doctrina Vialidad\u2019?\u201d, la ex presidente record\u00f3 el argumento judicial utilizado para condenarla en la causa por la obra p\u00fablica, e indic\u00f3 que, de aplicarse el mismo criterio, el actual presidente deber\u00eda afrontar responsabilidades penales por estar al tanto del esquema de retornos por la provisi\u00f3n de medicamentos destinados a personas con discapacidad.<\/p>\n\n\n\n<p><\/p>\n\n\n\n<blockquote class=\"twitter-tweet\"><p lang=\"es\" dir=\"ltr\">Che Milei\u2026 \u00bfTe acord\u00e1s de la \u201cdoctrina Vialidad\u201d?&#8230; ESA QUE INVENTARON PARA METERME PRESA Y PROSCRIBIRME, con el argumento de que: \u201cUna presidenta no pod\u00eda no saber lo que pasaba en cada obra p\u00fablica realizada en Santa Cruz y en todo el territorio nacional\u201d.<br><br>Bueno\u2026 dejame\u2026<\/p>&mdash; Cristina Kirchner (@CFKArgentina) <a href=\"https:\/\/twitter.com\/CFKArgentina\/status\/1958861778130964540?ref_src=twsrc%5Etfw\">August 22, 2025<\/a><\/blockquote> <script async src=\"https:\/\/platform.twitter.com\/widgets.js\" charset=\"utf-8\"><\/script>\n\n\n\n<p><\/p>\n\n\n\n<p>\u201cLas coimas del 3% que recibe tu hermana de los medicamentos de los discapacitados y que pide su amigo y colaborador Lule Menem, es infinitamente peor y muyyyyy grave, en serio, en t\u00e9rminos de responsabilidad penal\u201d, poste\u00f3 Fern\u00e1ndez de Kirchner en la red social.<\/p>\n\n\n\n<p>La denuncia p\u00fablica se da luego de la difusi\u00f3n de audios en los que Diego Spagnuolo, abogado personal de Milei y hasta hace poco titular de la Agencia Nacional de Discapacidad, donde aseguraba haber informado personalmente al Presidente sobre los hechos de corrupci\u00f3n que involucraban a su entorno m\u00e1s cercano. \u201cLos audios de tu amigo Spagnuolo prueban que te avis\u00f3 lo de las coimas y\u2026 hermano\u2026 \u00a1NO HICISTE NADA!\u201d, dispar\u00f3 la ex jefa de Estado.<\/p>\n\n\n\n<p>De acuerdo a los dichos de la ex mandataria en el posteo, una de las droguer\u00edas implicadas en el circuito de retornos es \u201cLa Suizo Argentino S.A.\u201d, cuyo directivo Jonathan Kovalivker fue vinculado por Cristina Kirchner con el ex presidente Mauricio Macri, a quien mencion\u00f3 como \u201csu amigo personal\u201d.<\/p>\n\n\n\n<p>\u201cTodo tiene que ver con todo\u201d, apunt\u00f3 la ex presidenta, que aludi\u00f3 adem\u00e1s a un presunto v\u00ednculo del dispositivo de corrupci\u00f3n con antiguos funcionarios del gobierno de Cambiemos, como Daniel Garbellini, mencionado en los audios como parte de la operatoria.<\/p>\n\n\n\n<p>Finalizando, Fern\u00e1ndez de Kirchner cuestion\u00f3 el Poder Judicial, al que acus\u00f3 de actuar como \u201cinstrumento pol\u00edtico del poder econ\u00f3mico y de los intereses extranjeros\u201d. \u201cCada vez va a quedar m\u00e1s a la vista el esc\u00e1ndalo de un Poder Judicial que funciona como Partido\u2026\u201d.<\/p>\n","protected":false},"excerpt":{"rendered":"<p>La ex presidenta Cristina Kirchner lanz&oacute; este viernes un fuerte mensaje contra el presidente Javier Milei, al denunciar a trav&eacute;s de un extenso posteo en su cuenta de X un presunto esquema de cobro de coimas en el &aacute;mbito de la Agencia Nacional de Discapacidad, en el que involucr&oacute; directamente a la hermana del mandatario, [&hellip;]<\/p>\n","protected":false},"author":2,"featured_media":12016,"comment_status":"closed","ping_status":"closed","sticky":false,"template":"","format":"standard","meta":{"footnotes":""},"categories":[5,176],"tags":[6594,518,3397,1903,2012,6595,232,6596,263],"class_list":["post-28311","post","type-post","status-publish","format-standard","has-post-thumbnail","hentry","category-nacionales","category-politica","tag-agencia","tag-cristina-kirchner","tag-diego-spagnuolo","tag-discapacidad","tag-escandalo","tag-hernan-menen","tag-javier-milei","tag-jonathan-kovalivker","tag-karina-milei"],"_links":{"self":[{"href":"https:\/\/partediario.com.ar\/index.php?rest_route=\/wp\/v2\/posts\/28311","targetHints":{"allow":["GET"]}}],"collection":[{"href":"https:\/\/partediario.com.ar\/index.php?rest_route=\/wp\/v2\/posts"}],"about":[{"href":"https:\/\/partediario.com.ar\/index.php?rest_route=\/wp\/v2\/types\/post"}],"author":[{"embeddable":true,"href":"https:\/\/partediario.com.ar\/index.php?rest_route=\/wp\/v2\/users\/2"}],"replies":[{"embeddable":true,"href":"https:\/\/partediario.com.ar\/index.php?rest_route=%2Fwp%2Fv2%2Fcomments&post=28311"}],"version-history":[{"count":1,"href":"https:\/\/partediario.com.ar\/index.php?rest_route=\/wp\/v2\/posts\/28311\/revisions"}],"predecessor-version":[{"id":28312,"href":"https:\/\/partediario.com.ar\/index.php?rest_route=\/wp\/v2\/posts\/28311\/revisions\/28312"}],"wp:featuredmedia":[{"embeddable":true,"href":"https:\/\/partediario.com.ar\/index.php?rest_route=\/wp\/v2\/media\/12016"}],"wp:attachment":[{"href":"https:\/\/partediario.com.ar\/index.php?rest_route=%2Fwp%2Fv2%2Fmedia&parent=28311"}],"wp:term":[{"taxonomy":"category","embeddable":true,"href":"https:\/\/partediario.com.ar\/index.php?rest_route=%2Fwp%2Fv2%2Fcategories&post=28311"},{"taxonomy":"post_tag","embeddable":true,"href":"https:\/\/partediario.com.ar\/index.php?rest_route=%2Fwp%2Fv2%2Ftags&post=28311"}],"curies":[{"name":"wp","href":"https:\/\/api.w.org\/{rel}","templated":true}]}}