{"id":28323,"date":"2025-08-23T17:22:09","date_gmt":"2025-08-23T20:22:09","guid":{"rendered":"https:\/\/partediario.com.ar\/?p=28323"},"modified":"2025-08-25T09:27:20","modified_gmt":"2025-08-25T12:27:20","slug":"la-imagen-negativa-de-milei-se-incrementra-luego-de-los-audios-por-presuntas-coimas-a-funcionarios-libertarios","status":"publish","type":"post","link":"https:\/\/partediario.com.ar\/?p=28323","title":{"rendered":"La imagen negativa de Milei se incrementra luego de los audios por presuntas coimas a funcionarios libertarios"},"content":{"rendered":"\n<h2 class=\"wp-block-heading\">La imagen digital negativa del presidente Javier Milei creci\u00f3 7 puntos respecto del promedio mensual luego de que se hicieran p\u00fablicos los audios que sugieren presuntos pagos de coimas de parte de laboratorios a funcionarios del gobierno libertario.<\/h2>\n\n\n\n<p>De acuerdo a un an\u00e1lisis de la conversaci\u00f3n digital que llev\u00f3 adelante la consultora Ad Hoc, la negatividad digital sobre Milei alcanz\u00f3 ayer un pico de \u201c59%\u201d con relaci\u00f3n al promedio mensual.<\/p>\n\n\n\n<p>Adem\u00e1s, las repercusiones del caso que involucra al ex titular de Agencia Nacional de Discapacidad, Diego Spagnuolo, \u201ccrecen d\u00eda a d\u00eda y muestran una tendencia al alza\u201d, precisa la consultora.<\/p>\n\n\n\n<p>El mismo estudio se\u00f1ala que el caso Spagnuolo gener\u00f3 \u201c243 mil menciones en las \u00faltimas 72 hs\u201d e \u201cimpacta en la imagen digital del Presidente\u201d. De acuerdo al informe, este jueves fue el \u201cpico de menciones\u201d al t\u00e9rmino \u201cMilei\u201d en lo que va del mes agosto.<\/p>\n\n\n\n<p>\u201cLa negatividad en la imagen digital sobre el presidente fue 7 puntos superior el d\u00eda 21 de agosto al promedio mensual de este mes\u201d, precisa el an\u00e1lisis difundido este viernes y menciona que \u201c\u2018Karina\u2019 y \u2018Spagnuolo\u2019 fueron los dos t\u00e9rminos m\u00e1s relacionados a \u2018Milei\u2019 ayer y est\u00e1n en el top 5 semanal\u201d.<\/p>\n\n\n\n<p>El estudio de Ad Hoc indica adem\u00e1s que, en 72 hs, el caso Spagnuolo desat\u00f3 \u201cun volumen superior a las repercusiones del discurso en Davos de este a\u00f1o\u201d.<\/p>\n","protected":false},"excerpt":{"rendered":"<p>La imagen digital negativa del presidente Javier Milei creci&oacute; 7 puntos respecto del promedio mensual luego de que se hicieran p&uacute;blicos los audios que sugieren presuntos pagos de coimas de parte de laboratorios a funcionarios del gobierno libertario. De acuerdo a un an&aacute;lisis de la conversaci&oacute;n digital que llev&oacute; adelante la consultora Ad Hoc, la [&hellip;]<\/p>\n","protected":false},"author":2,"featured_media":13266,"comment_status":"closed","ping_status":"closed","sticky":false,"template":"","format":"standard","meta":{"footnotes":""},"categories":[5,176],"tags":[6603,5514,3987,232,6602,504],"class_list":["post-28323","post","type-post","status-publish","format-standard","has-post-thumbnail","hentry","category-nacionales","category-politica","tag-ad-hoc","tag-coimas","tag-imagen","tag-javier-milei","tag-negativac","tag-pago"],"_links":{"self":[{"href":"https:\/\/partediario.com.ar\/index.php?rest_route=\/wp\/v2\/posts\/28323","targetHints":{"allow":["GET"]}}],"collection":[{"href":"https:\/\/partediario.com.ar\/index.php?rest_route=\/wp\/v2\/posts"}],"about":[{"href":"https:\/\/partediario.com.ar\/index.php?rest_route=\/wp\/v2\/types\/post"}],"author":[{"embeddable":true,"href":"https:\/\/partediario.com.ar\/index.php?rest_route=\/wp\/v2\/users\/2"}],"replies":[{"embeddable":true,"href":"https:\/\/partediario.com.ar\/index.php?rest_route=%2Fwp%2Fv2%2Fcomments&post=28323"}],"version-history":[{"count":1,"href":"https:\/\/partediario.com.ar\/index.php?rest_route=\/wp\/v2\/posts\/28323\/revisions"}],"predecessor-version":[{"id":28324,"href":"https:\/\/partediario.com.ar\/index.php?rest_route=\/wp\/v2\/posts\/28323\/revisions\/28324"}],"wp:featuredmedia":[{"embeddable":true,"href":"https:\/\/partediario.com.ar\/index.php?rest_route=\/wp\/v2\/media\/13266"}],"wp:attachment":[{"href":"https:\/\/partediario.com.ar\/index.php?rest_route=%2Fwp%2Fv2%2Fmedia&parent=28323"}],"wp:term":[{"taxonomy":"category","embeddable":true,"href":"https:\/\/partediario.com.ar\/index.php?rest_route=%2Fwp%2Fv2%2Fcategories&post=28323"},{"taxonomy":"post_tag","embeddable":true,"href":"https:\/\/partediario.com.ar\/index.php?rest_route=%2Fwp%2Fv2%2Ftags&post=28323"}],"curies":[{"name":"wp","href":"https:\/\/api.w.org\/{rel}","templated":true}]}}