{"id":28356,"date":"2025-08-26T11:29:22","date_gmt":"2025-08-26T14:29:22","guid":{"rendered":"https:\/\/partediario.com.ar\/?p=28356"},"modified":"2025-08-29T19:35:08","modified_gmt":"2025-08-29T22:35:08","slug":"los-controladores-aereos-cumplen-una-nueva-jornada-de-huelga","status":"publish","type":"post","link":"https:\/\/partediario.com.ar\/?p=28356","title":{"rendered":"Los Controladores A\u00e9reos cumplen una nueva jornada de huelga"},"content":{"rendered":"\n<h2 class=\"wp-block-heading\">En el marco de una creciente tensi\u00f3n entre trabajadores y autoridades, los controladores a\u00e9reos de Argentina, representados por la Asociaci\u00f3n T\u00e9cnicos y Empleados de Protecci\u00f3n y Seguridad a la Aeronavegaci\u00f3n (ATEPSA), llevan a cabo una nueva jornada de paro, con un acatamiento declarado del 100%. Este paro, que se desarrolla en dos franjas horarias, de 7 a 10 y de 14 a 17, obliga a todas las compa\u00f1\u00edas a\u00e9reas a reprogramar sus vuelos, afectando a miles de pasajeros en todo el pa\u00eds.<\/h2>\n\n\n\n<p>El secretario adjunto de ATEPSA, Marcelo Ch\u00e1vez, ha se\u00f1alado que la falta de aumentos salariales durante los \u00faltimos 11 meses ha llevado a esta situaci\u00f3n extrema. En declaraciones radiales, Ch\u00e1vez expone que hasta la fecha no han recibido ofertas salariales ni se les ha presentado una pauta estatal comparable a la de otros organismos. Este clima de incertidumbre y abandono ha motivado al gremio a ejecutar paros parciales cada 48 horas, con miras a hacer visible su problem\u00e1tica laboral frente a un gobierno que parece despreciar sus demandas.<\/p>\n\n\n\n<p>El gobierno, por su parte, ha reaccionado advirtiendo que el servicio de navegaci\u00f3n a\u00e9rea es considerado \u00abesencial\u00bb y debe mantenerse operativo en al menos un 45%. Esta postura, aunque comprensible en t\u00e9rminos de garantizar la movilidad y seguridad de la poblaci\u00f3n, tambi\u00e9n revela un enfoque m\u00e1s coercitivo que conciliador. La Secretar\u00eda de Trabajo ha anunciado que vigilar\u00e1 el cumplimiento de esta normativa, ignorando el hecho de que un servicio a\u00e9reo comprometido por la insatisfacci\u00f3n laboral debe ser motivo de reflexi\u00f3n y acci\u00f3n por parte de las autoridades.<\/p>\n\n\n\n<p>Ch\u00e1vez ha destacado que, a pesar de haber seguido todas las instancias de conciliaci\u00f3n obligatoria, la respuesta del sector patronal ha sido pr\u00e1cticamente nula. Esto plantea serias interrogantes sobre la efectividad de dichas instancias y la disposici\u00f3n del gobierno para entablar un di\u00e1logo real con los trabajadores. Al insistir en que su intenci\u00f3n no es perjudicar a la sociedad, el dirigente sindical parece intentar equilibrar la justificaci\u00f3n de sus acciones con la necesidad de proteger a los pasajeros afectados. Sin embargo, este conflicto no solo afecta a los viajeros, sino que tambi\u00e9n pone de manifiesto una crisis mayor en la relaci\u00f3n entre el Estado y los trabajadores esenciales.<\/p>\n\n\n\n<p>Ante estos acontecimientos, es crucial que tanto el gremio como las autoridades encuentren un camino hacia el entendimiento. La actual situaci\u00f3n en la que los controladores a\u00e9reos ven mermadas sus condiciones de trabajo y sus derechos laborales, mientras el gobierno apela a la obligatoriedad del servicio, es una clara se\u00f1al de que el di\u00e1logo social se ha estancado. La falta de respuesta a las demandas de los trabajadores puede derivar en consecuencias a\u00fan m\u00e1s graves, no solo para los usuarios de vuelos, sino para la estabilidad del propio sistema de aviaci\u00f3n en el pa\u00eds.<\/p>\n\n\n\n<p>En conclusi\u00f3n, la jornada de paros de los controladores a\u00e9reos es un s\u00edntoma de un malestar profundo que requiere atenci\u00f3n inmediata. Un llamado a la negociaci\u00f3n por parte del sector patronal no solo ayudar\u00eda a mitigar el impacto en los ciudadanos, sino que tambi\u00e9n brindar\u00eda una soluci\u00f3n al descontento laboral. La historia nos ha demostrado que ignorar las necesidades de los trabajadores puede resultar en conflictos a\u00fan m\u00e1s prolongados y perjudiciales para todos.<\/p>\n\n\n\n<p><\/p>\n\n\n\n<figure class=\"wp-block-video\"><video height=\"360\" style=\"aspect-ratio: 640 \/ 360;\" width=\"640\" controls src=\"https:\/\/partediario.com.ar\/wp-content\/uploads\/videoplayback.mp4\"><\/video><\/figure>\n\n\n\n<p><\/p>\n\n\n\n<p><\/p>\n","protected":false},"excerpt":{"rendered":"<p>En el marco de una creciente tensi&oacute;n entre trabajadores y autoridades, los controladores a&eacute;reos de Argentina, representados por la Asociaci&oacute;n T&eacute;cnicos y Empleados de Protecci&oacute;n y Seguridad a la Aeronavegaci&oacute;n (ATEPSA), llevan a cabo una nueva jornada de paro, con un acatamiento declarado del 100%. Este paro, que se desarrolla en dos franjas horarias, de [&hellip;]<\/p>\n","protected":false},"author":2,"featured_media":28357,"comment_status":"closed","ping_status":"closed","sticky":false,"template":"","format":"standard","meta":{"footnotes":""},"categories":[978,5,176],"tags":[4200,4201,4199,2943,1245,1695],"class_list":["post-28356","post","type-post","status-publish","format-standard","has-post-thumbnail","hentry","category-gremiales","category-nacionales","category-politica","tag-aereos","tag-atepsa","tag-controladores","tag-huelga","tag-jornada","tag-nueva"],"_links":{"self":[{"href":"https:\/\/partediario.com.ar\/index.php?rest_route=\/wp\/v2\/posts\/28356","targetHints":{"allow":["GET"]}}],"collection":[{"href":"https:\/\/partediario.com.ar\/index.php?rest_route=\/wp\/v2\/posts"}],"about":[{"href":"https:\/\/partediario.com.ar\/index.php?rest_route=\/wp\/v2\/types\/post"}],"author":[{"embeddable":true,"href":"https:\/\/partediario.com.ar\/index.php?rest_route=\/wp\/v2\/users\/2"}],"replies":[{"embeddable":true,"href":"https:\/\/partediario.com.ar\/index.php?rest_route=%2Fwp%2Fv2%2Fcomments&post=28356"}],"version-history":[{"count":1,"href":"https:\/\/partediario.com.ar\/index.php?rest_route=\/wp\/v2\/posts\/28356\/revisions"}],"predecessor-version":[{"id":28359,"href":"https:\/\/partediario.com.ar\/index.php?rest_route=\/wp\/v2\/posts\/28356\/revisions\/28359"}],"wp:featuredmedia":[{"embeddable":true,"href":"https:\/\/partediario.com.ar\/index.php?rest_route=\/wp\/v2\/media\/28357"}],"wp:attachment":[{"href":"https:\/\/partediario.com.ar\/index.php?rest_route=%2Fwp%2Fv2%2Fmedia&parent=28356"}],"wp:term":[{"taxonomy":"category","embeddable":true,"href":"https:\/\/partediario.com.ar\/index.php?rest_route=%2Fwp%2Fv2%2Fcategories&post=28356"},{"taxonomy":"post_tag","embeddable":true,"href":"https:\/\/partediario.com.ar\/index.php?rest_route=%2Fwp%2Fv2%2Ftags&post=28356"}],"curies":[{"name":"wp","href":"https:\/\/api.w.org\/{rel}","templated":true}]}}