{"id":2836,"date":"2024-06-18T18:16:21","date_gmt":"2024-06-18T21:16:21","guid":{"rendered":"https:\/\/partediario.com.ar\/?p=2836"},"modified":"2024-06-18T18:16:22","modified_gmt":"2024-06-18T21:16:22","slug":"guino-del-oficialismo-a-kueider-en-medio-de-la-controversia-por-su-voto-positivo-a-la-ley-bases","status":"publish","type":"post","link":"https:\/\/partediario.com.ar\/?p=2836","title":{"rendered":"Gui\u00f1o del oficialismo a Kueider en medio de la controversia por su voto positivo a la Ley Bases"},"content":{"rendered":"\n<p><strong>\u201cNo se puede ser oposici\u00f3n por oposici\u00f3n misma\u201d, asegur\u00f3 el ministro de Gobierno, Manuel Troncoso, apoyando la decisi\u00f3n del senador Edgardo Kueider de votar favorablemente la Ley Bases y el paquete fiscal del presidente Javier Milei.<\/strong><\/p>\n\n\n\n<p>\u201cNo se puede ser oposici\u00f3n por oposici\u00f3n misma. El camino es el di\u00e1logo y el debate responsable\u201d, asever\u00f3 Troncoso en su cuenta de X, a la vez que posteaba declaraciones de Kueider defendiendo su postura en el Senado.<\/p>\n\n\n\n<p>\u201cHay que darle las herramientas al gobierno nacional para avanzar con las transformaciones que vot\u00f3 mayoritariamente la sociedad. As\u00ed lo entendieron todos los senadores por Entre R\u00edos\u201d, a\u00f1adi\u00f3.<\/p>\n\n\n\n<p><\/p>\n\n\n\n<blockquote class=\"twitter-tweet\"><p lang=\"es\" dir=\"ltr\">No se puede ser oposici\u00f3n por oposici\u00f3n misma. El camino es el di\u00e1logo y el debate responsable.<br><br>Hay que darle las herramientas al gobierno nacional para avanzar con las transformaciones que vot\u00f3 mayoritariamente la sociedad. Asi lo entendieron todos los senadores por Entre R\u00edos. <a href=\"https:\/\/t.co\/s21DIMdG5E\">https:\/\/t.co\/s21DIMdG5E<\/a><\/p>&mdash; Manuel Troncoso (@MTroncosoER) <a href=\"https:\/\/twitter.com\/MTroncosoER\/status\/1803110991263076574?ref_src=twsrc%5Etfw\">June 18, 2024<\/a><\/blockquote> <script async src=\"https:\/\/platform.twitter.com\/widgets.js\" charset=\"utf-8\"><\/script>\n\n\n\n<p>Este gesto del oficialismo de la provincia hacia el senador nacional se da en medio del pedido de expulsi\u00f3n que hizo el PJ de Concordia y la conducci\u00f3n del PJ de Paran\u00e1. A esto deben sumarse fuertes declaraciones de varios dirigentes peronistas de la provincia, que lo tilda de entre otras cosas, \u201ctraidor\u201d.<\/p>\n\n\n\n<p>La excepci\u00f3n de las declaraciones de estos dirigentes fue por parte de Bordet. Cabe se\u00f1alar que el ex gobernador fue el art\u00edfice de que Kueider encabece la lista al Senado en las elecciones nacionales de 2019 donde el PJ perdi\u00f3 frente a Juntos por el Cambio. La derrota gener\u00f3 que el peronismo resignara una de las bancas que pon\u00eda en juego. Tres a\u00f1os despu\u00e9s, Kueider romp\u00eda el bloque de Uni\u00f3n por la Patria, y junto con otros legisladores de provincia form\u00f3 \u201cUnidad Federal\u201d.<\/p>\n\n\n\n<p>\u201cLa \u00faltima vez que habl\u00e9 con \u00e9l fue antes del tratamiento de la ley. Le manifest\u00e9 mi punto de vista y le ped\u00ed que vote por el rechazo de la ley\u201d, dijo el ex mandatario. la relaci\u00f3n entre ambos \u201cno es la que ten\u00eda antes\u201d, se\u00f1al\u00f3 luego.<\/p>\n\n\n\n<p>A pesar de la actitud del Senador, Bordet se posicion\u00f3 en contra de su expulsi\u00f3n del PJ. \u201cDesde el peronismo no podemos estigmatizar permanentemente a las personas\u201d ya que \u201cquien pone las cosas en su lugar es la gente con el voto\u201d. \u201cEsto de conformar un partido tipo estalinista, que haga purgas, que expulse dirigentes, la verdad que el peronismo nunca estuvo en eso\u201d, argument\u00f3.<\/p>\n","protected":false},"excerpt":{"rendered":"<p>&ldquo;No se puede ser oposici&oacute;n por oposici&oacute;n misma&rdquo;, asegur&oacute; el ministro de Gobierno, Manuel Troncoso, apoyando la decisi&oacute;n del senador Edgardo Kueider de votar favorablemente la Ley Bases y el paquete fiscal del presidente Javier Milei. &ldquo;No se puede ser oposici&oacute;n por oposici&oacute;n misma. El camino es el di&aacute;logo y el debate responsable&rdquo;, asever&oacute; Troncoso [&hellip;]<\/p>\n","protected":false},"author":2,"featured_media":2837,"comment_status":"open","ping_status":"open","sticky":false,"template":"","format":"standard","meta":{"footnotes":""},"categories":[176,8],"tags":[280,257,594,595,223,593],"class_list":["post-2836","post","type-post","status-publish","format-standard","has-post-thumbnail","hentry","category-politica","category-provinciales","tag-edgardo-kueider","tag-entre-rios","tag-guino","tag-gustavo-bordet","tag-ley-bases","tag-manuel-troncoso"],"_links":{"self":[{"href":"https:\/\/partediario.com.ar\/index.php?rest_route=\/wp\/v2\/posts\/2836","targetHints":{"allow":["GET"]}}],"collection":[{"href":"https:\/\/partediario.com.ar\/index.php?rest_route=\/wp\/v2\/posts"}],"about":[{"href":"https:\/\/partediario.com.ar\/index.php?rest_route=\/wp\/v2\/types\/post"}],"author":[{"embeddable":true,"href":"https:\/\/partediario.com.ar\/index.php?rest_route=\/wp\/v2\/users\/2"}],"replies":[{"embeddable":true,"href":"https:\/\/partediario.com.ar\/index.php?rest_route=%2Fwp%2Fv2%2Fcomments&post=2836"}],"version-history":[{"count":1,"href":"https:\/\/partediario.com.ar\/index.php?rest_route=\/wp\/v2\/posts\/2836\/revisions"}],"predecessor-version":[{"id":2838,"href":"https:\/\/partediario.com.ar\/index.php?rest_route=\/wp\/v2\/posts\/2836\/revisions\/2838"}],"wp:featuredmedia":[{"embeddable":true,"href":"https:\/\/partediario.com.ar\/index.php?rest_route=\/wp\/v2\/media\/2837"}],"wp:attachment":[{"href":"https:\/\/partediario.com.ar\/index.php?rest_route=%2Fwp%2Fv2%2Fmedia&parent=2836"}],"wp:term":[{"taxonomy":"category","embeddable":true,"href":"https:\/\/partediario.com.ar\/index.php?rest_route=%2Fwp%2Fv2%2Fcategories&post=2836"},{"taxonomy":"post_tag","embeddable":true,"href":"https:\/\/partediario.com.ar\/index.php?rest_route=%2Fwp%2Fv2%2Ftags&post=2836"}],"curies":[{"name":"wp","href":"https:\/\/api.w.org\/{rel}","templated":true}]}}