{"id":28363,"date":"2025-08-26T11:39:10","date_gmt":"2025-08-26T14:39:10","guid":{"rendered":"https:\/\/partediario.com.ar\/?p=28363"},"modified":"2025-08-29T19:35:01","modified_gmt":"2025-08-29T22:35:01","slug":"la-camara-de-diputados-reactiva-la-comision-que-investiga-el-caso-libra","status":"publish","type":"post","link":"https:\/\/partediario.com.ar\/?p=28363","title":{"rendered":"La C\u00e1mara de Diputados reactiva la Comisi\u00f3n que investiga el caso $LIBRA"},"content":{"rendered":"\n<h2 class=\"wp-block-heading\">Diputados reactivar\u00e1 ma\u00f1ana, tras un prolongado periodo de tensiones, la comisi\u00f3n investigadora del caso $Libra, marcando un avance significativo en su operaci\u00f3n. Esta reuni\u00f3n permitir\u00e1 la designaci\u00f3n de autoridades y, gracias a una reciente resoluci\u00f3n de la oposici\u00f3n, se prev\u00e9 que este grupo asuma la presidencia, normalizando as\u00ed el funcionamiento del organismo e intensificando las presiones sobre el oficialismo.<\/h2>\n\n\n\n<p>De acuerdo con lo estipulado, la diputada massista Sabrina Selva, representante de Uni\u00f3n por la Patria, es la clara candidata para presidir la comisi\u00f3n en la reuni\u00f3n programada para este martes a las 14 horas. La diputada M\u00f3nica Frade, de la Coalici\u00f3n C\u00edvica, ha subrayado la importancia de que una comisi\u00f3n que indaga sobre presuntos il\u00edcitos vinculados al Gobierno est\u00e9 dirigida por la oposici\u00f3n. En este sentido, Selva ha sido reiteradamente propuesta para liderar la comisi\u00f3n, y no se prev\u00e9n cambios significativos en esta postulaci\u00f3n.<\/p>\n\n\n\n<p>El encuentro deber\u00e1 adem\u00e1s establecer un calendario de trabajo que se extender\u00e1 hasta el 10 de noviembre, fecha l\u00edmite determinada por la resoluci\u00f3n aprobada recientemente. A pesar de los intentos previos por poner en marcha la comisi\u00f3n, la par\u00e1lisis fue evidente durante meses, en gran parte debido a las tensiones entre los bloques de oposici\u00f3n y oficialismo, quienes quedaron divididos en 14 miembros cada uno. La falta de consenso se hizo palpable durante episodios en que la oposici\u00f3n present\u00f3 a Selva, mientras que el oficialismo apoy\u00f3 a Gabriel Bornoroni, presidente del bloque La Libertad Avanza, quien hab\u00eda votado en contra de la creaci\u00f3n de la propia comisi\u00f3n.<\/p>\n\n\n\n<p>Los escasos avances logrados anteriormente llevaron a la invitaci\u00f3n de especialistas como Alejandro Bercovich, Irina Hauser, Maximiliano Flirtman, Santiago Siri, y Mart\u00edn Romeo, pero estos encuentros no pudieron cristalizarse en una actividad efectiva que cumpliese con el objetivo inicial de investigar y elaborar informes sobre los hechos relacionados con el caso.<\/p>\n\n\n\n<p>La oposici\u00f3n ha sostenido que la inacci\u00f3n de la comisi\u00f3n se atribuye a la obstrucci\u00f3n sistem\u00e1tica del oficialismo. Por su parte, este \u00faltimo argumenta que la comisi\u00f3n se volvi\u00f3 obsoleta al haber expirado el plazo de tres meses para presentar los resultados de la investigaci\u00f3n.<\/p>\n\n\n\n<p>El caso \u201cLibra\u201d representa un desaf\u00edo cr\u00edtico para el actual Gobierno, ya que expone posibles responsabilidades pol\u00edticas derivadas de la gesti\u00f3n de Javier Milei y su entorno m\u00e1s cercano. Las acusaciones apuntan a un mal desempe\u00f1o y a maniobras fraudulentas que presuntamente favorecieron intereses privados mediante el uso indebido de la investidura presidencial. Las pesquisas abarcan una gama de delitos que incluyen negociaciones incompatibles, abuso de autoridad, fraude a la administraci\u00f3n p\u00fablica, y violaciones a la Ley de \u00c9tica P\u00fablica.<\/p>\n\n\n\n<p>Este entramado de irregularidades surgi\u00f3 a partir del tuit promocional del presidente Milei sobre el proyecto Libra, el cual llev\u00f3 a p\u00e9rdidas significativas para aproximadamente 75.000 inversores de diversos tama\u00f1os. Adem\u00e1s, la investigaci\u00f3n penal tambi\u00e9n involucra a actores internacionales, como el empresario estadounidense Hayden Davis y el singapurense Julian Peh, lo que a\u00f1ade una dimensi\u00f3n global al esc\u00e1ndalo.<\/p>\n\n\n\n<p>En definitiva, la reinstauraci\u00f3n de la comisi\u00f3n investigadora del caso $Libra representa no solo un mecanismo de control pol\u00edtico, sino que tambi\u00e9n proyecta luces sobre la necesidad de transparencia y rendici\u00f3n de cuentas en un contexto donde las acciones del Gobierno quedan bajo el escrutinio p\u00fablico y legislativo.<br>Diputados reactivar\u00e1 ma\u00f1ana, tras un prolongado periodo de tensiones, la comisi\u00f3n investigadora del caso $Libra, marcando un avance significativo en su operaci\u00f3n. Esta reuni\u00f3n permitir\u00e1 la designaci\u00f3n de autoridades y, gracias a una reciente resoluci\u00f3n de la oposici\u00f3n, se prev\u00e9 que este grupo asuma la presidencia, normalizando as\u00ed el funcionamiento del organismo e intensificando las presiones sobre el oficialismo.<\/p>\n\n\n\n<p>De acuerdo con lo estipulado, la diputada massista Sabrina Selva, representante de Uni\u00f3n por la Patria, es la clara candidata para presidir la comisi\u00f3n en la reuni\u00f3n programada para este martes a las 14 horas. La diputada M\u00f3nica Frade, de la Coalici\u00f3n C\u00edvica, ha subrayado la importancia de que una comisi\u00f3n que indaga sobre presuntos il\u00edcitos vinculados al Gobierno est\u00e9 dirigida por la oposici\u00f3n. En este sentido, Selva ha sido reiteradamente propuesta para liderar la comisi\u00f3n, y no se prev\u00e9n cambios significativos en esta postulaci\u00f3n.<\/p>\n\n\n\n<p>El encuentro deber\u00e1 adem\u00e1s establecer un calendario de trabajo que se extender\u00e1 hasta el 10 de noviembre, fecha l\u00edmite determinada por la resoluci\u00f3n aprobada recientemente. A pesar de los intentos previos por poner en marcha la comisi\u00f3n, la par\u00e1lisis fue evidente durante meses, en gran parte debido a las tensiones entre los bloques de oposici\u00f3n y oficialismo, quienes quedaron divididos en 14 miembros cada uno. La falta de consenso se hizo palpable durante episodios en que la oposici\u00f3n present\u00f3 a Selva, mientras que el oficialismo apoy\u00f3 a Gabriel Bornoroni, presidente del bloque La Libertad Avanza, quien hab\u00eda votado en contra de la creaci\u00f3n de la propia comisi\u00f3n.<\/p>\n\n\n\n<p>Los escasos avances logrados anteriormente llevaron a la invitaci\u00f3n de especialistas como Alejandro Bercovich, Irina Hauser, Maximiliano Flirtman, Santiago Siri, y Mart\u00edn Romeo, pero estos encuentros no pudieron cristalizarse en una actividad efectiva que cumpliese con el objetivo inicial de investigar y elaborar informes sobre los hechos relacionados con el caso.<\/p>\n\n\n\n<p>La oposici\u00f3n ha sostenido que la inacci\u00f3n de la comisi\u00f3n se atribuye a la obstrucci\u00f3n sistem\u00e1tica del oficialismo. Por su parte, este \u00faltimo argumenta que la comisi\u00f3n se volvi\u00f3 obsoleta al haber expirado el plazo de tres meses para presentar los resultados de la investigaci\u00f3n.<\/p>\n\n\n\n<p>El caso \u201cLibra\u201d representa un desaf\u00edo cr\u00edtico para el actual Gobierno, ya que expone posibles responsabilidades pol\u00edticas derivadas de la gesti\u00f3n de Javier Milei y su entorno m\u00e1s cercano. Las acusaciones apuntan a un mal desempe\u00f1o y a maniobras fraudulentas que presuntamente favorecieron intereses privados mediante el uso indebido de la investidura presidencial. Las pesquisas abarcan una gama de delitos que incluyen negociaciones incompatibles, abuso de autoridad, fraude a la administraci\u00f3n p\u00fablica, y violaciones a la Ley de \u00c9tica P\u00fablica.<\/p>\n\n\n\n<p>Este entramado de irregularidades surgi\u00f3 a partir del tuit promocional del presidente Milei sobre el proyecto Libra, el cual llev\u00f3 a p\u00e9rdidas significativas para aproximadamente 75.000 inversores de diversos tama\u00f1os. Adem\u00e1s, la investigaci\u00f3n penal tambi\u00e9n involucra a actores internacionales, como el empresario estadounidense Hayden Davis y el singapurense Julian Peh, lo que a\u00f1ade una dimensi\u00f3n global al esc\u00e1ndalo.<\/p>\n\n\n\n<p>La reinstauraci\u00f3n de la comisi\u00f3n investigadora del caso $Libra representa no solo un mecanismo de control pol\u00edtico, sino que tambi\u00e9n proyecta luces sobre la necesidad de transparencia y rendici\u00f3n de cuentas en un contexto donde las acciones del Gobierno quedan bajo el escrutinio p\u00fablico y legislativo.<\/p>\n","protected":false},"excerpt":{"rendered":"<p>Diputados reactivar&aacute; ma&ntilde;ana, tras un prolongado periodo de tensiones, la comisi&oacute;n investigadora del caso $Libra, marcando un avance significativo en su operaci&oacute;n. Esta reuni&oacute;n permitir&aacute; la designaci&oacute;n de autoridades y, gracias a una reciente resoluci&oacute;n de la oposici&oacute;n, se prev&eacute; que este grupo asuma la presidencia, normalizando as&iacute; el funcionamiento del organismo e intensificando las [&hellip;]<\/p>\n","protected":false},"author":2,"featured_media":28364,"comment_status":"closed","ping_status":"closed","sticky":false,"template":"","format":"standard","meta":{"footnotes":""},"categories":[5,176],"tags":[5322,2956,310,6619],"class_list":["post-28363","post","type-post","status-publish","format-standard","has-post-thumbnail","hentry","category-nacionales","category-politica","tag-libra-2","tag-comision","tag-diputados","tag-reactivan"],"_links":{"self":[{"href":"https:\/\/partediario.com.ar\/index.php?rest_route=\/wp\/v2\/posts\/28363","targetHints":{"allow":["GET"]}}],"collection":[{"href":"https:\/\/partediario.com.ar\/index.php?rest_route=\/wp\/v2\/posts"}],"about":[{"href":"https:\/\/partediario.com.ar\/index.php?rest_route=\/wp\/v2\/types\/post"}],"author":[{"embeddable":true,"href":"https:\/\/partediario.com.ar\/index.php?rest_route=\/wp\/v2\/users\/2"}],"replies":[{"embeddable":true,"href":"https:\/\/partediario.com.ar\/index.php?rest_route=%2Fwp%2Fv2%2Fcomments&post=28363"}],"version-history":[{"count":1,"href":"https:\/\/partediario.com.ar\/index.php?rest_route=\/wp\/v2\/posts\/28363\/revisions"}],"predecessor-version":[{"id":28365,"href":"https:\/\/partediario.com.ar\/index.php?rest_route=\/wp\/v2\/posts\/28363\/revisions\/28365"}],"wp:featuredmedia":[{"embeddable":true,"href":"https:\/\/partediario.com.ar\/index.php?rest_route=\/wp\/v2\/media\/28364"}],"wp:attachment":[{"href":"https:\/\/partediario.com.ar\/index.php?rest_route=%2Fwp%2Fv2%2Fmedia&parent=28363"}],"wp:term":[{"taxonomy":"category","embeddable":true,"href":"https:\/\/partediario.com.ar\/index.php?rest_route=%2Fwp%2Fv2%2Fcategories&post=28363"},{"taxonomy":"post_tag","embeddable":true,"href":"https:\/\/partediario.com.ar\/index.php?rest_route=%2Fwp%2Fv2%2Ftags&post=28363"}],"curies":[{"name":"wp","href":"https:\/\/api.w.org\/{rel}","templated":true}]}}