{"id":28366,"date":"2025-08-26T12:06:03","date_gmt":"2025-08-26T15:06:03","guid":{"rendered":"https:\/\/partediario.com.ar\/?p=28366"},"modified":"2025-08-29T19:34:57","modified_gmt":"2025-08-29T22:34:57","slug":"maximo-kirchner-cuestiono-nuevamente-a-kicillof-ojala-ponga-el-mismo-dinero-en-quilmes-que-en-la-plata-senalo","status":"publish","type":"post","link":"https:\/\/partediario.com.ar\/?p=28366","title":{"rendered":"M\u00e1ximo Kirchner cuestion\u00f3 nuevamente a Kicillof: \u00abOjal\u00e1 ponga el mismo dinero en Quilmes que en La Plata\u00bb, se\u00f1al\u00f3"},"content":{"rendered":"\n<h2 class=\"wp-block-heading\">A menos de dos semanas de las elecciones, la interna en el peronismo bonaerense escal\u00f3 nuevamente luego de la viralizaci\u00f3n de un video en el que el diputado nacional M\u00e1ximo Kirchner le reclama p\u00fablicamente al gobernador Axel Kicillof por la distribuci\u00f3n de fondos para obras, acus\u00e1ndolo de privilegiar a La Plata en detrimento de otros municipios del conurbano.<\/h2>\n\n\n\n<p>El episodio sucedi\u00f3 la semana pasada durante la inauguraci\u00f3n del polideportivo Diego Armando Maradona en Quilmes, en un acto que el diputado comparti\u00f3 con la intendenta Mayra Mendoza y el primer candidato a diputado nacional de Fuerza Patria, Jorge Taiana.<\/p>\n\n\n\n<p>En su discurso, Kirchner apunt\u00f3 directamente a la inversi\u00f3n provincial en la capital bonaerense, donde recientemente se renovaron plazas y edificios ic\u00f3nicos. \u00abHace un a\u00f1o atr\u00e1s, en un acto que hac\u00edas en la ciudad de La Plata me dec\u00edan \u2018qu\u00e9 linda est\u00e1 La Ciudad de La Plata\u2019. Ojal\u00e1 el gobernador ponga la misma plata en Quilmes que pone en la ciudad de La Plata\u00bb, destac\u00f3 el hijo de la expresidenta, y apunt\u00f3: \u00abMe va a encantar, Quilmes lo necesita\u00bb.<\/p>\n\n\n\n<p>La paradoja del reclamo es que, apenas unas horas antes de ese mismo acto, el propio Axel Kicillof hab\u00eda estado en Quilmes junto a la intendenta Mayra Mendoza para inaugurar una nueva alcaid\u00eda, una importante obra de infraestructura para el distrito.<\/p>\n\n\n\n<p><\/p>\n\n\n\n<figure class=\"wp-block-video\"><video height=\"400\" style=\"aspect-ratio: 720 \/ 400;\" width=\"720\" controls src=\"https:\/\/partediario.com.ar\/wp-content\/uploads\/video-2.mp4\"><\/video><\/figure>\n\n\n\n<p><\/p>\n\n\n\n<p><\/p>\n","protected":false},"excerpt":{"rendered":"<p>A menos de dos semanas de las elecciones, la interna en el peronismo bonaerense escal&oacute; nuevamente luego de la viralizaci&oacute;n de un video en el que el diputado nacional M&aacute;ximo Kirchner le reclama p&uacute;blicamente al gobernador Axel Kicillof por la distribuci&oacute;n de fondos para obras, acus&aacute;ndolo de privilegiar a La Plata en detrimento de otros [&hellip;]<\/p>\n","protected":false},"author":2,"featured_media":28368,"comment_status":"closed","ping_status":"closed","sticky":false,"template":"","format":"standard","meta":{"footnotes":""},"categories":[5,176],"tags":[1112,3619,3576],"class_list":["post-28366","post","type-post","status-publish","format-standard","has-post-thumbnail","hentry","category-nacionales","category-politica","tag-axel-kicillof","tag-maximo-kirchner","tag-quilmes"],"_links":{"self":[{"href":"https:\/\/partediario.com.ar\/index.php?rest_route=\/wp\/v2\/posts\/28366","targetHints":{"allow":["GET"]}}],"collection":[{"href":"https:\/\/partediario.com.ar\/index.php?rest_route=\/wp\/v2\/posts"}],"about":[{"href":"https:\/\/partediario.com.ar\/index.php?rest_route=\/wp\/v2\/types\/post"}],"author":[{"embeddable":true,"href":"https:\/\/partediario.com.ar\/index.php?rest_route=\/wp\/v2\/users\/2"}],"replies":[{"embeddable":true,"href":"https:\/\/partediario.com.ar\/index.php?rest_route=%2Fwp%2Fv2%2Fcomments&post=28366"}],"version-history":[{"count":1,"href":"https:\/\/partediario.com.ar\/index.php?rest_route=\/wp\/v2\/posts\/28366\/revisions"}],"predecessor-version":[{"id":28369,"href":"https:\/\/partediario.com.ar\/index.php?rest_route=\/wp\/v2\/posts\/28366\/revisions\/28369"}],"wp:featuredmedia":[{"embeddable":true,"href":"https:\/\/partediario.com.ar\/index.php?rest_route=\/wp\/v2\/media\/28368"}],"wp:attachment":[{"href":"https:\/\/partediario.com.ar\/index.php?rest_route=%2Fwp%2Fv2%2Fmedia&parent=28366"}],"wp:term":[{"taxonomy":"category","embeddable":true,"href":"https:\/\/partediario.com.ar\/index.php?rest_route=%2Fwp%2Fv2%2Fcategories&post=28366"},{"taxonomy":"post_tag","embeddable":true,"href":"https:\/\/partediario.com.ar\/index.php?rest_route=%2Fwp%2Fv2%2Ftags&post=28366"}],"curies":[{"name":"wp","href":"https:\/\/api.w.org\/{rel}","templated":true}]}}