{"id":28380,"date":"2025-08-27T19:52:19","date_gmt":"2025-08-27T22:52:19","guid":{"rendered":"https:\/\/partediario.com.ar\/?p=28380"},"modified":"2025-08-29T19:34:49","modified_gmt":"2025-08-29T22:34:49","slug":"accidente-vial-la-diputada-rocio-bonacci-y-su-padre-resultan-heridos-tras-choque-en-auto-oficial","status":"publish","type":"post","link":"https:\/\/partediario.com.ar\/?p=28380","title":{"rendered":"Accidente Vial: la diputada Roc\u00edo Bonacci y su padre resultan heridos tras choque en auto oficial"},"content":{"rendered":"\n<h2 class=\"wp-block-heading\">En la ma\u00f1ana del 27 de agosto de 2025, un grave accidente en la autopista Rosario-Buenos Aires puso en riesgo la vida de la diputada nacional Roc\u00edo Bonacci y su padre, Jos\u00e9 Bonacci. El siniestro vial ocurri\u00f3 cuando el veh\u00edculo oficial de la C\u00e1mara de Diputados, un Nissan Sentra, perdi\u00f3 el control y se despist\u00f3, terminando en un campo cercano a Ramallo. Afortunadamente, ambos sufrieron heridas que no revistieron gravedad, pero fueron trasladados a un centro m\u00e9dico para recibir atenci\u00f3n.<\/h2>\n\n\n\n<p>La legisladora de La Libertad Avanza y su padre, dirigente del partido Unite, viajaban hacia Buenos Aires para participar en una sesi\u00f3n legislativa. Seg\u00fan el relato de Jos\u00e9 Bonacci, el chofer del autom\u00f3vil oficial se qued\u00f3 dormido debido a un episodio de apnea del sue\u00f1o. \u201cEstamos bien, yo iba en el auto. El chofer tuvo apnea, se durmi\u00f3, pero no es la primera vez que sucede esto. Siempre tienen un manejo peligroso, a 160 kil\u00f3metros por hora\u201d, coment\u00f3 en un audio enviado a Cadena 3 Rosario mientras eran trasladados al hospital.<\/p>\n\n\n\n<p>Visiblemente indignado por la situaci\u00f3n, Jos\u00e9 Bonacci critic\u00f3 al presidente de la C\u00e1mara de Diputados, Mart\u00edn Menem, afirmando que su hija ha expresado en m\u00faltiples ocasiones las preocupaciones sobre la seguridad de los viajes en veh\u00edculos oficiales, sin recibir respuesta del \u00e1rea de Movilidad de la C\u00e1mara.<\/p>\n\n\n\n<p>Fuentes cercanas a la diputada Bonacci confirmaron que, efectivamente, el accidente se debi\u00f3 a que el chofer viajaba a alta velocidad y perdi\u00f3 el control del veh\u00edculo, y aseguraron que ella se encontraba fuera de peligro tras el incidente.<\/p>\n\n\n\n<p>Roc\u00edo Bonacci, quien ingres\u00f3 a la pol\u00edtica en 2023 bajo la influencia de Javier Milei, ha tenido un ascenso notable dentro del \u00e1mbito legislativo, aunque su carrera pol\u00edtica es relativamente nueva. En agosto de 2024, se vio envuelta en una controversia tras asistir a una visita a represores en Ezeiza, donde luego aclar\u00f3 que hab\u00eda sido enga\u00f1ada respecto a la naturaleza del evento.<\/p>\n\n\n\n<p>Por su parte, su padre, Jos\u00e9 Bonacci, cuenta con una larga trayectoria pol\u00edtica y fue fundamental en el ascenso electoral de figuras como Amalia Granata, contribuyendo tambi\u00e9n a la inclusi\u00f3n de Roc\u00edo en la lista de diputados nacionales.<\/p>\n\n\n\n<p>El accidente ha puesto de manifiesto las preocupaciones sobre la seguridad de los transportes oficiales y ha reavivado el debate en torno a la responsabilidad de las autoridades en la gesti\u00f3n de estos servicios.<\/p>\n","protected":false},"excerpt":{"rendered":"<p>En la ma&ntilde;ana del 27 de agosto de 2025, un grave accidente en la autopista Rosario-Buenos Aires puso en riesgo la vida de la diputada nacional Roc&iacute;o Bonacci y su padre, Jos&eacute; Bonacci. El siniestro vial ocurri&oacute; cuando el veh&iacute;culo oficial de la C&aacute;mara de Diputados, un Nissan Sentra, perdi&oacute; el control y se despist&oacute;, [&hellip;]<\/p>\n","protected":false},"author":2,"featured_media":28381,"comment_status":"closed","ping_status":"closed","sticky":false,"template":"","format":"standard","meta":{"footnotes":""},"categories":[5,7],"tags":[5100,6624,438,1933],"class_list":["post-28380","post","type-post","status-publish","format-standard","has-post-thumbnail","hentry","category-nacionales","category-policiales","tag-accidente-vial","tag-jose-bonacci","tag-policiales","tag-rocio-bonacci"],"_links":{"self":[{"href":"https:\/\/partediario.com.ar\/index.php?rest_route=\/wp\/v2\/posts\/28380","targetHints":{"allow":["GET"]}}],"collection":[{"href":"https:\/\/partediario.com.ar\/index.php?rest_route=\/wp\/v2\/posts"}],"about":[{"href":"https:\/\/partediario.com.ar\/index.php?rest_route=\/wp\/v2\/types\/post"}],"author":[{"embeddable":true,"href":"https:\/\/partediario.com.ar\/index.php?rest_route=\/wp\/v2\/users\/2"}],"replies":[{"embeddable":true,"href":"https:\/\/partediario.com.ar\/index.php?rest_route=%2Fwp%2Fv2%2Fcomments&post=28380"}],"version-history":[{"count":1,"href":"https:\/\/partediario.com.ar\/index.php?rest_route=\/wp\/v2\/posts\/28380\/revisions"}],"predecessor-version":[{"id":28382,"href":"https:\/\/partediario.com.ar\/index.php?rest_route=\/wp\/v2\/posts\/28380\/revisions\/28382"}],"wp:featuredmedia":[{"embeddable":true,"href":"https:\/\/partediario.com.ar\/index.php?rest_route=\/wp\/v2\/media\/28381"}],"wp:attachment":[{"href":"https:\/\/partediario.com.ar\/index.php?rest_route=%2Fwp%2Fv2%2Fmedia&parent=28380"}],"wp:term":[{"taxonomy":"category","embeddable":true,"href":"https:\/\/partediario.com.ar\/index.php?rest_route=%2Fwp%2Fv2%2Fcategories&post=28380"},{"taxonomy":"post_tag","embeddable":true,"href":"https:\/\/partediario.com.ar\/index.php?rest_route=%2Fwp%2Fv2%2Ftags&post=28380"}],"curies":[{"name":"wp","href":"https:\/\/api.w.org\/{rel}","templated":true}]}}