{"id":28386,"date":"2025-08-27T20:06:44","date_gmt":"2025-08-27T23:06:44","guid":{"rendered":"https:\/\/partediario.com.ar\/?p=28386"},"modified":"2025-08-29T19:34:30","modified_gmt":"2025-08-29T22:34:30","slug":"incidentes-en-la-caravana-de-javier-milei-en-lomas-de-zamora-espert-se-escapo-en-moto","status":"publish","type":"post","link":"https:\/\/partediario.com.ar\/?p=28386","title":{"rendered":"Incidentes en la caravana de Javier Milei en Lomas de Zamora: Espert se escap\u00f3 en moto"},"content":{"rendered":"\n<h2 class=\"wp-block-heading\">En un escenario de alta tensi\u00f3n ocurri\u00f3, cuando la caravana de campa\u00f1a liderada por el presidente Javier Milei en Lomas de Zamora se transform\u00f3 en un episodio violento que evidencia el creciente malestar social y la polarizaci\u00f3n pol\u00edtica en Argentina.<\/h2>\n\n\n\n<p>El incidente se registr\u00f3 el pasado mi\u00e9rcoles, cuando un grupo de manifestantes lanz\u00f3 piedras y objetos contra el veh\u00edculo presidencial al llegar a la Plaza Grigera, lo que oblig\u00f3 a una evacuaci\u00f3n r\u00e1pida del mandatario y su comitiva.<\/p>\n\n\n\n<p><\/p>\n\n\n\n<blockquote class=\"instagram-media\" data-instgrm-captioned data-instgrm-permalink=\"https:\/\/www.instagram.com\/reel\/DN4E0OUjxLD\/?utm_source=ig_embed&amp;utm_campaign=loading\" data-instgrm-version=\"14\" style=\" background:#FFF; border:0; border-radius:3px; box-shadow:0 0 1px 0 rgba(0,0,0,0.5),0 1px 10px 0 rgba(0,0,0,0.15); margin: 1px; max-width:540px; min-width:326px; padding:0; width:99.375%; width:-webkit-calc(100% - 2px); width:calc(100% - 2px);\"><div style=\"padding:16px;\"> <a href=\"https:\/\/www.instagram.com\/reel\/DN4E0OUjxLD\/?utm_source=ig_embed&amp;utm_campaign=loading\" style=\" background:#FFFFFF; line-height:0; padding:0 0; text-align:center; text-decoration:none; width:100%;\" target=\"_blank\"> <div style=\" display: flex; flex-direction: row; align-items: center;\"> <div style=\"background-color: #F4F4F4; border-radius: 50%; flex-grow: 0; height: 40px; margin-right: 14px; width: 40px;\"><\/div> <div style=\"display: flex; flex-direction: column; flex-grow: 1; justify-content: center;\"> <div style=\" background-color: #F4F4F4; border-radius: 4px; flex-grow: 0; height: 14px; margin-bottom: 6px; width: 100px;\"><\/div> <div style=\" background-color: #F4F4F4; border-radius: 4px; flex-grow: 0; height: 14px; width: 60px;\"><\/div><\/div><\/div><div style=\"padding: 19% 0;\"><\/div> <div style=\"display:block; height:50px; margin:0 auto 12px; width:50px;\"><svg width=\"50px\" height=\"50px\" viewBox=\"0 0 60 60\" version=\"1.1\" xmlns=\"https:\/\/www.w3.org\/2000\/svg\" xmlns:xlink=\"https:\/\/www.w3.org\/1999\/xlink\"><g stroke=\"none\" stroke-width=\"1\" fill=\"none\" fill-rule=\"evenodd\"><g transform=\"translate(-511.000000, -20.000000)\" fill=\"#000000\"><g><path d=\"M556.869,30.41 C554.814,30.41 553.148,32.076 553.148,34.131 C553.148,36.186 554.814,37.852 556.869,37.852 C558.924,37.852 560.59,36.186 560.59,34.131 C560.59,32.076 558.924,30.41 556.869,30.41 M541,60.657 C535.114,60.657 530.342,55.887 530.342,50 C530.342,44.114 535.114,39.342 541,39.342 C546.887,39.342 551.658,44.114 551.658,50 C551.658,55.887 546.887,60.657 541,60.657 M541,33.886 C532.1,33.886 524.886,41.1 524.886,50 C524.886,58.899 532.1,66.113 541,66.113 C549.9,66.113 557.115,58.899 557.115,50 C557.115,41.1 549.9,33.886 541,33.886 M565.378,62.101 C565.244,65.022 564.756,66.606 564.346,67.663 C563.803,69.06 563.154,70.057 562.106,71.106 C561.058,72.155 560.06,72.803 558.662,73.347 C557.607,73.757 556.021,74.244 553.102,74.378 C549.944,74.521 548.997,74.552 541,74.552 C533.003,74.552 532.056,74.521 528.898,74.378 C525.979,74.244 524.393,73.757 523.338,73.347 C521.94,72.803 520.942,72.155 519.894,71.106 C518.846,70.057 518.197,69.06 517.654,67.663 C517.244,66.606 516.755,65.022 516.623,62.101 C516.479,58.943 516.448,57.996 516.448,50 C516.448,42.003 516.479,41.056 516.623,37.899 C516.755,34.978 517.244,33.391 517.654,32.338 C518.197,30.938 518.846,29.942 519.894,28.894 C520.942,27.846 521.94,27.196 523.338,26.654 C524.393,26.244 525.979,25.756 528.898,25.623 C532.057,25.479 533.004,25.448 541,25.448 C548.997,25.448 549.943,25.479 553.102,25.623 C556.021,25.756 557.607,26.244 558.662,26.654 C560.06,27.196 561.058,27.846 562.106,28.894 C563.154,29.942 563.803,30.938 564.346,32.338 C564.756,33.391 565.244,34.978 565.378,37.899 C565.522,41.056 565.552,42.003 565.552,50 C565.552,57.996 565.522,58.943 565.378,62.101 M570.82,37.631 C570.674,34.438 570.167,32.258 569.425,30.349 C568.659,28.377 567.633,26.702 565.965,25.035 C564.297,23.368 562.623,22.342 560.652,21.575 C558.743,20.834 556.562,20.326 553.369,20.18 C550.169,20.033 549.148,20 541,20 C532.853,20 531.831,20.033 528.631,20.18 C525.438,20.326 523.257,20.834 521.349,21.575 C519.376,22.342 517.703,23.368 516.035,25.035 C514.368,26.702 513.342,28.377 512.574,30.349 C511.834,32.258 511.326,34.438 511.181,37.631 C511.035,40.831 511,41.851 511,50 C511,58.147 511.035,59.17 511.181,62.369 C511.326,65.562 511.834,67.743 512.574,69.651 C513.342,71.625 514.368,73.296 516.035,74.965 C517.703,76.634 519.376,77.658 521.349,78.425 C523.257,79.167 525.438,79.673 528.631,79.82 C531.831,79.965 532.853,80.001 541,80.001 C549.148,80.001 550.169,79.965 553.369,79.82 C556.562,79.673 558.743,79.167 560.652,78.425 C562.623,77.658 564.297,76.634 565.965,74.965 C567.633,73.296 568.659,71.625 569.425,69.651 C570.167,67.743 570.674,65.562 570.82,62.369 C570.966,59.17 571,58.147 571,50 C571,41.851 570.966,40.831 570.82,37.631\"><\/path><\/g><\/g><\/g><\/svg><\/div><div style=\"padding-top: 8px;\"> <div style=\" color:#3897f0; font-family:Arial,sans-serif; font-size:14px; font-style:normal; font-weight:550; line-height:18px;\">Ver esta publicaci\u00f3n en Instagram<\/div><\/div><div style=\"padding: 12.5% 0;\"><\/div> <div style=\"display: flex; flex-direction: row; margin-bottom: 14px; align-items: center;\"><div> <div style=\"background-color: #F4F4F4; border-radius: 50%; height: 12.5px; width: 12.5px; transform: translateX(0px) translateY(7px);\"><\/div> <div style=\"background-color: #F4F4F4; height: 12.5px; transform: rotate(-45deg) translateX(3px) translateY(1px); width: 12.5px; flex-grow: 0; margin-right: 14px; margin-left: 2px;\"><\/div> <div style=\"background-color: #F4F4F4; border-radius: 50%; height: 12.5px; width: 12.5px; transform: translateX(9px) translateY(-18px);\"><\/div><\/div><div style=\"margin-left: 8px;\"> <div style=\" background-color: #F4F4F4; border-radius: 50%; flex-grow: 0; height: 20px; width: 20px;\"><\/div> <div style=\" width: 0; height: 0; border-top: 2px solid transparent; border-left: 6px solid #f4f4f4; border-bottom: 2px solid transparent; transform: translateX(16px) translateY(-4px) rotate(30deg)\"><\/div><\/div><div style=\"margin-left: auto;\"> <div style=\" width: 0px; border-top: 8px solid #F4F4F4; border-right: 8px solid transparent; transform: translateY(16px);\"><\/div> <div style=\" background-color: #F4F4F4; flex-grow: 0; height: 12px; width: 16px; transform: translateY(-4px);\"><\/div> <div style=\" width: 0; height: 0; border-top: 8px solid #F4F4F4; border-left: 8px solid transparent; transform: translateY(-4px) translateX(8px);\"><\/div><\/div><\/div> <div style=\"display: flex; flex-direction: column; flex-grow: 1; justify-content: center; margin-bottom: 24px;\"> <div style=\" background-color: #F4F4F4; border-radius: 4px; flex-grow: 0; height: 14px; margin-bottom: 6px; width: 224px;\"><\/div> <div style=\" background-color: #F4F4F4; border-radius: 4px; flex-grow: 0; height: 14px; width: 144px;\"><\/div><\/div><\/a><p style=\" color:#c9c8cd; font-family:Arial,sans-serif; font-size:14px; line-height:17px; margin-bottom:0; margin-top:8px; overflow:hidden; padding:8px 0 7px; text-align:center; text-overflow:ellipsis; white-space:nowrap;\"><a href=\"https:\/\/www.instagram.com\/reel\/DN4E0OUjxLD\/?utm_source=ig_embed&amp;utm_campaign=loading\" style=\" color:#c9c8cd; font-family:Arial,sans-serif; font-size:14px; font-style:normal; font-weight:normal; line-height:17px; text-decoration:none;\" target=\"_blank\">Una publicaci\u00f3n compartida por P\u00e1gina\/12 (@pagina12)<\/a><\/p><\/div><\/blockquote>\n<script async src=\"\/\/www.instagram.com\/embed.js\"><\/script>\n\n\n\n<p><\/p>\n\n\n\n<p>La visita a Lomas de Zamora, un distrito crucial en la Tercera Secci\u00f3n Electoral, se enmarca en la recta final de la campa\u00f1a para las elecciones bonaerenses del 7 de septiembre, momento en el que el clima pol\u00edtico se torna especialmente fragoroso. Sin embargo, la caravana intentaba inicialmente fortalecer el apoyo a candidatos locales y desafiar al kirchnerismo, pero las agresiones f\u00edsicas no solo opacaron esos objetivos, sino que tambi\u00e9n pusieron de relieve la insatisfacci\u00f3n y el rechazo hacia el actual gobierno.<\/p>\n\n\n\n<p>Es notable que mientras los incidentes se desataban, el diputado Jos\u00e9 Luis Espert, quien acompa\u00f1aba a Milei, decidi\u00f3 abandonar el lugar en una motocicleta, lo que podr\u00eda interpretarse como un acto de desamparo o incluso como una estrategia para evadir el conflicto. Esta acci\u00f3n resalta la desesperaci\u00f3n de algunos l\u00edderes pol\u00edticos que buscan distanciarse de situaciones potencialmente da\u00f1inas.<\/p>\n\n\n\n<p>Poco antes de ser evacuado, Javier Milei ofreci\u00f3 declaraciones en las que califica de \u201cmentiras\u201d las acusaciones de corrupci\u00f3n que han resonado en los \u00faltimos d\u00edas, particularmente en relaci\u00f3n a los audios del exdirector de la ANDIS, Diego Spagnuolo. \u201cTodo lo que dice es mentira. Lo vamos a llevar a la justicia y vamos a probar que minti\u00f3\u201d, manifest\u00f3 el presidente. Estas afirmaciones, aunque contundentes, parecen m\u00e1s un intento desesperado por recuperar la confianza p\u00fablica que una respuesta efectiva ante un esc\u00e1ndalo que contin\u00faa sumando cuestionamientos sobre la integridad de su administraci\u00f3n.<\/p>\n\n\n\n<p>La caravana presidencial, que pretend\u00eda ser un s\u00edmbolo de vigor y determinaci\u00f3n en la campa\u00f1a electoral, termin\u00f3 siendo un reflejo de la fractura social y pol\u00edtica que caracteriza a Argentina en este momento. Los episodios de violencia no solo afectan la imagen de Milei y su equipo, sino que tambi\u00e9n oscurecen el panorama electoral, dejando entrever que la tensi\u00f3n no har\u00e1 m\u00e1s que aumentar conforme se acerque la fecha de las elecciones. El desaf\u00edo para Milei ser\u00e1 restaurar la calma y la confianza en un contexto donde las palabras deben ir acompa\u00f1adas de acciones claras y concretas para enfrentar las serias acusaciones que amenazan su mandato.<\/p>\n","protected":false},"excerpt":{"rendered":"<p>En un escenario de alta tensi&oacute;n ocurri&oacute;, cuando la caravana de campa&ntilde;a liderada por el presidente Javier Milei en Lomas de Zamora se transform&oacute; en un episodio violento que evidencia el creciente malestar social y la polarizaci&oacute;n pol&iacute;tica en Argentina. El incidente se registr&oacute; el pasado mi&eacute;rcoles, cuando un grupo de manifestantes lanz&oacute; piedras y [&hellip;]<\/p>\n","protected":false},"author":2,"featured_media":28387,"comment_status":"closed","ping_status":"closed","sticky":false,"template":"","format":"standard","meta":{"footnotes":""},"categories":[5,7,176],"tags":[6630,6631,6629,1302,5043,549],"class_list":["post-28386","post","type-post","status-publish","format-standard","has-post-thumbnail","hentry","category-nacionales","category-policiales","category-politica","tag-caravana","tag-escapa","tag-incidentes","tag-jose-luis-espert","tag-lomas-de-zamora","tag-moto"],"_links":{"self":[{"href":"https:\/\/partediario.com.ar\/index.php?rest_route=\/wp\/v2\/posts\/28386","targetHints":{"allow":["GET"]}}],"collection":[{"href":"https:\/\/partediario.com.ar\/index.php?rest_route=\/wp\/v2\/posts"}],"about":[{"href":"https:\/\/partediario.com.ar\/index.php?rest_route=\/wp\/v2\/types\/post"}],"author":[{"embeddable":true,"href":"https:\/\/partediario.com.ar\/index.php?rest_route=\/wp\/v2\/users\/2"}],"replies":[{"embeddable":true,"href":"https:\/\/partediario.com.ar\/index.php?rest_route=%2Fwp%2Fv2%2Fcomments&post=28386"}],"version-history":[{"count":1,"href":"https:\/\/partediario.com.ar\/index.php?rest_route=\/wp\/v2\/posts\/28386\/revisions"}],"predecessor-version":[{"id":28388,"href":"https:\/\/partediario.com.ar\/index.php?rest_route=\/wp\/v2\/posts\/28386\/revisions\/28388"}],"wp:featuredmedia":[{"embeddable":true,"href":"https:\/\/partediario.com.ar\/index.php?rest_route=\/wp\/v2\/media\/28387"}],"wp:attachment":[{"href":"https:\/\/partediario.com.ar\/index.php?rest_route=%2Fwp%2Fv2%2Fmedia&parent=28386"}],"wp:term":[{"taxonomy":"category","embeddable":true,"href":"https:\/\/partediario.com.ar\/index.php?rest_route=%2Fwp%2Fv2%2Fcategories&post=28386"},{"taxonomy":"post_tag","embeddable":true,"href":"https:\/\/partediario.com.ar\/index.php?rest_route=%2Fwp%2Fv2%2Ftags&post=28386"}],"curies":[{"name":"wp","href":"https:\/\/api.w.org\/{rel}","templated":true}]}}