{"id":28389,"date":"2025-08-28T09:31:01","date_gmt":"2025-08-28T12:31:01","guid":{"rendered":"https:\/\/partediario.com.ar\/?p=28389"},"modified":"2025-08-29T19:34:26","modified_gmt":"2025-08-29T22:34:26","slug":"pareja-llamo-discapacitados-a-quienes-increparon-la-caravana-presidencial-son-energumenos","status":"publish","type":"post","link":"https:\/\/partediario.com.ar\/?p=28389","title":{"rendered":"Pareja llam\u00f3 \u00abdiscapacitados\u00bb a quienes increparon la caravana presidencial: \u00abSon energ\u00famenos\u00bb"},"content":{"rendered":"\n<h2 class=\"wp-block-heading\">El armador y jefe de campa\u00f1a de La Libertad Avanza en la provincia de Buenos Aires, Sebasti\u00e1n Pareja, calific\u00f3 de \u00abdiscapacitados\u00bb a las personas que arrojaron piedras a la caravana que encabezaba el presidente Javier Milei este mi\u00e9rcoles en Lomas de Zamora.<\/h2>\n\n\n\n<p>Durante una entrevista televisiva, el candidato libertario utiliz\u00f3 el t\u00e9rmino \u00abdiscapacitado\u00bb de forma despectiva para hacer referencia a los agresores en el marco de una actividad de campa\u00f1a en el conurbano bonaerense.<\/p>\n\n\n\n<p><\/p>\n\n\n\n<figure class=\"wp-block-video\"><video height=\"480\" style=\"aspect-ratio: 720 \/ 480;\" width=\"720\" controls src=\"https:\/\/partediario.com.ar\/wp-content\/uploads\/video-4.mp4\"><\/video><\/figure>\n\n\n\n<p><\/p>\n\n\n\n<p>\u00abSon discapacitados, no son como nosotros\u00bb, apunt\u00f3 Pareja al describir a quienes atacaron al Jefe de Estado. Y acot\u00f3: \u00abSon energ\u00famenos, est\u00e1n por fuera de la l\u00f3gica que podemos comprender todos nosotros\u00bb.<\/p>\n\n\n\n<p>El dirigente, una figura cercana a Karina Milei, reconoci\u00f3 que existi\u00f3 una falla en el operativo de seguridad. \u00abFall\u00f3 un control\u00bb, afirm\u00f3, aunque deslind\u00f3 de responsabilidades a la custodia presidencial y a la Polic\u00eda Bonaerense, apuntando a la \u00abpolic\u00eda local\u00bb que, seg\u00fan \u00e9l, deb\u00eda conformar un \u00abtercer anillo\u00bb.<\/p>\n\n\n\n<p>Pareja responsabiliz\u00f3 directamente al kirchnerismo por los incidentes. \u00abEstaban organizados en peque\u00f1os grupos\u00bb, asever\u00f3, y traz\u00f3 un paralelismo con ataques sufridos por medios de comunicaci\u00f3n. \u00abClaramente las proclamas de ellos en contra nuestra eran a favor de Cristina Fern\u00e1ndez de Kirchner, a favor del kirchnerismo, con lo cual digo, est\u00e1 muy claro\u00bb, indic\u00f3.<\/p>\n\n\n\n<p>Dijo haber discutido desde el veh\u00edculo con una madre que, seg\u00fan \u00e9l, incentivaba a sus hijos a arrojarles barro y piedras. \u00abEste es el kirchnerismo. Esto es lo que nos ha dejado. La matriz kirchnerista rompi\u00f3 las familias argentinas\u00bb, destac\u00f3.<\/p>\n\n\n\n<p>A pesar del ataque, el jefe de campa\u00f1a bonaerense de LLA asegur\u00f3 que no modificar\u00e1n su estrategia proselitista. \u00abLa campa\u00f1a no la vamos a modificar. Nos pasan en todos los municipios kirchneristas\u00bb, expres\u00f3, al tiempo que minimiz\u00f3 la efectividad de los agresores: \u00abParece que en todos estos 20 a\u00f1os de gobierno en donde casi te dir\u00eda que estos sectores lo \u00fanico que hicieron fue tirar piedra, hasta te dir\u00eda que han fracasado tirando piedra. No saben ni siquiera tirar piedra\u00bb.<\/p>\n\n\n\n<p>En otro momento de la entrevista, Pareja defendi\u00f3 al Gobierno Nacional en medio del esc\u00e1ndalo por los audios que involucran al ahora ex funcionario Diego Spagnuolo en un presunto pedido de coimas, asegurando que el Ejecutivo \u00abno protege a los corruptos\u00bb y que \u00abla justicia es la que tiene que actuar\u00bb, cerr\u00f3.<\/p>\n","protected":false},"excerpt":{"rendered":"<p>El armador y jefe de campa&ntilde;a de La Libertad Avanza en la provincia de Buenos Aires, Sebasti&aacute;n Pareja, calific&oacute; de &laquo;discapacitados&raquo; a las personas que arrojaron piedras a la caravana que encabezaba el presidente Javier Milei este mi&eacute;rcoles en Lomas de Zamora. Durante una entrevista televisiva, el candidato libertario utiliz&oacute; el t&eacute;rmino &laquo;discapacitado&raquo; de forma [&hellip;]<\/p>\n","protected":false},"author":2,"featured_media":28391,"comment_status":"closed","ping_status":"closed","sticky":false,"template":"","format":"standard","meta":{"footnotes":""},"categories":[5,176],"tags":[1751,6632,6634,6633,5043,4611],"class_list":["post-28389","post","type-post","status-publish","format-standard","has-post-thumbnail","hentry","category-nacionales","category-politica","tag-ataque","tag-caranava","tag-discapacitados","tag-libertaria","tag-lomas-de-zamora","tag-sebastian-pareja"],"_links":{"self":[{"href":"https:\/\/partediario.com.ar\/index.php?rest_route=\/wp\/v2\/posts\/28389","targetHints":{"allow":["GET"]}}],"collection":[{"href":"https:\/\/partediario.com.ar\/index.php?rest_route=\/wp\/v2\/posts"}],"about":[{"href":"https:\/\/partediario.com.ar\/index.php?rest_route=\/wp\/v2\/types\/post"}],"author":[{"embeddable":true,"href":"https:\/\/partediario.com.ar\/index.php?rest_route=\/wp\/v2\/users\/2"}],"replies":[{"embeddable":true,"href":"https:\/\/partediario.com.ar\/index.php?rest_route=%2Fwp%2Fv2%2Fcomments&post=28389"}],"version-history":[{"count":1,"href":"https:\/\/partediario.com.ar\/index.php?rest_route=\/wp\/v2\/posts\/28389\/revisions"}],"predecessor-version":[{"id":28393,"href":"https:\/\/partediario.com.ar\/index.php?rest_route=\/wp\/v2\/posts\/28389\/revisions\/28393"}],"wp:featuredmedia":[{"embeddable":true,"href":"https:\/\/partediario.com.ar\/index.php?rest_route=\/wp\/v2\/media\/28391"}],"wp:attachment":[{"href":"https:\/\/partediario.com.ar\/index.php?rest_route=%2Fwp%2Fv2%2Fmedia&parent=28389"}],"wp:term":[{"taxonomy":"category","embeddable":true,"href":"https:\/\/partediario.com.ar\/index.php?rest_route=%2Fwp%2Fv2%2Fcategories&post=28389"},{"taxonomy":"post_tag","embeddable":true,"href":"https:\/\/partediario.com.ar\/index.php?rest_route=%2Fwp%2Fv2%2Ftags&post=28389"}],"curies":[{"name":"wp","href":"https:\/\/api.w.org\/{rel}","templated":true}]}}