{"id":28401,"date":"2025-08-28T10:36:33","date_gmt":"2025-08-28T13:36:33","guid":{"rendered":"https:\/\/partediario.com.ar\/?p=28401"},"modified":"2025-08-28T10:36:34","modified_gmt":"2025-08-28T13:36:34","slug":"la-reaccion-de-adorni-tras-ver-la-foto-del-piedrazo-a-la-caravana-de-milei-podrian-haber-matado-a-cualquiera-dijo","status":"publish","type":"post","link":"https:\/\/partediario.com.ar\/?p=28401","title":{"rendered":"La reacci\u00f3n de Adorni tras ver la foto del piedrazo a la caravana de Milei: \u00abPodr\u00edan haber matado a cualquiera\u00bb, dijo"},"content":{"rendered":"\n<h2 class=\"wp-block-heading\">La impactante fotograf\u00eda que captura el momento preciso en que una piedra de gran tama\u00f1o es arrojada contra la caravana del presidente Javier Milei en Lomas de Zamora se viraliz\u00f3 en las \u00faltimas horas, evidenciando la gravedad de los incidentes.<\/h2>\n\n\n\n<p><\/p>\n\n\n\n<blockquote class=\"twitter-tweet\"><p lang=\"es\" dir=\"ltr\">Podr\u00edan haber matado a cualquiera. No les importa la vida humana, menos a\u00fan les va a importar el pa\u00eds. Fin. <a href=\"https:\/\/t.co\/34UUZmwPN5\">pic.twitter.com\/34UUZmwPN5<\/a><\/p>&mdash; Manuel Adorni (@madorni) <a href=\"https:\/\/twitter.com\/madorni\/status\/1960813551855054940?ref_src=twsrc%5Etfw\">August 27, 2025<\/a><\/blockquote> <script async src=\"https:\/\/platform.twitter.com\/widgets.js\" charset=\"utf-8\"><\/script>\n\n\n\n<p><\/p>\n\n\n\n<p>Seg\u00fan se supo, el vocero presidencial no dud\u00f3 en calificar el ataque como un hecho de gravedad extrema que pudo tener consecuencias fatales. \u00abPodr\u00edan haber matado a cualquiera\u00bb, apunto Adorni en su cuenta de X (ex Twitter), al compartir la elocuente fotograf\u00eda.<\/p>\n\n\n\n<p>En la imagen se ve una piedra volando por el aire, resaltada con un c\u00edrculo amarillo, que pasa a poca distancia de donde se encontraba parte de la comitiva que acompa\u00f1aba al Presidente. En su breve pero contundente mensaje, el funcionario atribuy\u00f3 a los agresores una total falta de respeto por la vida y las instituciones.<\/p>\n\n\n\n<p>\u00abNo les importa la vida humana, menos a\u00fan les va a importar el pa\u00eds\u00bb, asever\u00f3, vinculando el acto de violencia con una postura antidemocr\u00e1tica. Como es su costumbre, Adorni cerr\u00f3 su publicaci\u00f3n con un tajante \u00abFin.\u00bb.<\/p>\n\n\n\n<p>La fotograf\u00eda y el posterior mensaje del vocero dan cuenta de la violencia de los incidentes que obligaron a evacuar de urgencia al presidente Milei y a su equipo durante el acto de campa\u00f1a en Lomas de Zamora.<\/p>\n","protected":false},"excerpt":{"rendered":"<p>La impactante fotograf&iacute;a que captura el momento preciso en que una piedra de gran tama&ntilde;o es arrojada contra la caravana del presidente Javier Milei en Lomas de Zamora se viraliz&oacute; en las &uacute;ltimas horas, evidenciando la gravedad de los incidentes. Podr&iacute;an haber matado a cualquiera. No les importa la vida humana, menos a&uacute;n les va [&hellip;]<\/p>\n","protected":false},"author":2,"featured_media":28402,"comment_status":"closed","ping_status":"closed","sticky":false,"template":"","format":"standard","meta":{"footnotes":""},"categories":[5,176],"tags":[6630,232,5043,646,6636,6637],"class_list":["post-28401","post","type-post","status-publish","format-standard","has-post-thumbnail","hentry","category-nacionales","category-politica","tag-caravana","tag-javier-milei","tag-lomas-de-zamora","tag-manuel-adorni","tag-piedra","tag-reaccion"],"_links":{"self":[{"href":"https:\/\/partediario.com.ar\/index.php?rest_route=\/wp\/v2\/posts\/28401","targetHints":{"allow":["GET"]}}],"collection":[{"href":"https:\/\/partediario.com.ar\/index.php?rest_route=\/wp\/v2\/posts"}],"about":[{"href":"https:\/\/partediario.com.ar\/index.php?rest_route=\/wp\/v2\/types\/post"}],"author":[{"embeddable":true,"href":"https:\/\/partediario.com.ar\/index.php?rest_route=\/wp\/v2\/users\/2"}],"replies":[{"embeddable":true,"href":"https:\/\/partediario.com.ar\/index.php?rest_route=%2Fwp%2Fv2%2Fcomments&post=28401"}],"version-history":[{"count":1,"href":"https:\/\/partediario.com.ar\/index.php?rest_route=\/wp\/v2\/posts\/28401\/revisions"}],"predecessor-version":[{"id":28403,"href":"https:\/\/partediario.com.ar\/index.php?rest_route=\/wp\/v2\/posts\/28401\/revisions\/28403"}],"wp:featuredmedia":[{"embeddable":true,"href":"https:\/\/partediario.com.ar\/index.php?rest_route=\/wp\/v2\/media\/28402"}],"wp:attachment":[{"href":"https:\/\/partediario.com.ar\/index.php?rest_route=%2Fwp%2Fv2%2Fmedia&parent=28401"}],"wp:term":[{"taxonomy":"category","embeddable":true,"href":"https:\/\/partediario.com.ar\/index.php?rest_route=%2Fwp%2Fv2%2Fcategories&post=28401"},{"taxonomy":"post_tag","embeddable":true,"href":"https:\/\/partediario.com.ar\/index.php?rest_route=%2Fwp%2Fv2%2Ftags&post=28401"}],"curies":[{"name":"wp","href":"https:\/\/api.w.org\/{rel}","templated":true}]}}