{"id":28408,"date":"2025-08-28T10:59:33","date_gmt":"2025-08-28T13:59:33","guid":{"rendered":"https:\/\/partediario.com.ar\/?p=28408"},"modified":"2025-08-29T19:25:10","modified_gmt":"2025-08-29T22:25:10","slug":"confirmaron-que-hay-un-detenido-por-el-ataque-a-milei-no-obstante-alonso-califico-como-una-provocacion-la-caravana-libertaria","status":"publish","type":"post","link":"https:\/\/partediario.com.ar\/?p=28408","title":{"rendered":"Confirmaron que hay un detenido por el ataque a Milei, no obstante Alonso calific\u00f3 como una \u201cprovocaci\u00f3n\u201d la caravana libertaria"},"content":{"rendered":"\n<h2 class=\"wp-block-heading\">El ministro de Seguridad bonaerense Javier Alonso confirm\u00f3 este mi\u00e9rcoles que una persona se encuentra detenida por el ataque al presidente Javier Milei en Lomas de Zamora, pero calific\u00f3 como una \u201cprovocaci\u00f3n\u201d la caravana libertaria en esa localidad.<\/h2>\n\n\n\n<p>\u201cQued\u00f3 una persona de las dos detenidas por la causa a cargo del juzgado federal de Lomas de Zamora\u201d, afirm\u00f1o Alonso en declaraciones al canal de streaming Uno, Tres, Cinco.<\/p>\n\n\n\n<p>Asimismo, el funcionario se\u00f1al\u00f3 que hay otro atacante que qued\u00f3 procesado, pero fue puesto en libertad por la justicia.<\/p>\n\n\n\n<p>Luego de repudiar la agresi\u00f3n al jefe de Estado, Alonso consider\u00f3 como una \u201cpuesta en escena\u201d la recorrida liberal de este mi\u00e9rcoles por la localidad del sur del conurbano.<\/p>\n\n\n\n<p>\u201cHicieron un acto que sab\u00edamos que no iba a ser bienvenido en ese lugar. Eligi\u00f3 ir a un lugar donde est\u00e1 muy mal en las encuestas\u201d, apunt\u00f3 el ministro del Gabinete del gobernador Axel Kicillof.<\/p>\n\n\n\n<p>Y agreg\u00f3 que \u201cnada justifica la violencia\u201d, pero a su parecer \u201ctodo fue una provocaci\u00f3n que busca tapar los audios que hablan de un problema de corrupci\u00f3n que el Gobierno tiene que explicar\u201d, indic\u00f3 al hacer referencia a la causa de presuntas coimas a funcionarios libertarios.<\/p>\n\n\n\n<p>Cabe recordar que una caravana de campa\u00f1a encabezada por el Presidente en Lomas de Zamora termin\u00f3 este mi\u00e9rcoles con graves incidentes, cuando un grupo de personas arroj\u00f3 piedras y otros objetos contra el veh\u00edculo que trasladaba al mandatario. A ra\u00edz de los ataques, toda la comitiva presidencial fue evacuada de urgencia.<\/p>\n","protected":false},"excerpt":{"rendered":"<p>El ministro de Seguridad bonaerense Javier Alonso confirm&oacute; este mi&eacute;rcoles que una persona se encuentra detenida por el ataque al presidente Javier Milei en Lomas de Zamora, pero calific&oacute; como una &ldquo;provocaci&oacute;n&rdquo; la caravana libertaria en esa localidad. &ldquo;Qued&oacute; una persona de las dos detenidas por la causa a cargo del juzgado federal de Lomas [&hellip;]<\/p>\n","protected":false},"author":2,"featured_media":28409,"comment_status":"closed","ping_status":"closed","sticky":false,"template":"","format":"standard","meta":{"footnotes":""},"categories":[5,176],"tags":[436,5026,5043],"class_list":["post-28408","post","type-post","status-publish","format-standard","has-post-thumbnail","hentry","category-nacionales","category-politica","tag-detenido","tag-javier-alonso","tag-lomas-de-zamora"],"_links":{"self":[{"href":"https:\/\/partediario.com.ar\/index.php?rest_route=\/wp\/v2\/posts\/28408","targetHints":{"allow":["GET"]}}],"collection":[{"href":"https:\/\/partediario.com.ar\/index.php?rest_route=\/wp\/v2\/posts"}],"about":[{"href":"https:\/\/partediario.com.ar\/index.php?rest_route=\/wp\/v2\/types\/post"}],"author":[{"embeddable":true,"href":"https:\/\/partediario.com.ar\/index.php?rest_route=\/wp\/v2\/users\/2"}],"replies":[{"embeddable":true,"href":"https:\/\/partediario.com.ar\/index.php?rest_route=%2Fwp%2Fv2%2Fcomments&post=28408"}],"version-history":[{"count":1,"href":"https:\/\/partediario.com.ar\/index.php?rest_route=\/wp\/v2\/posts\/28408\/revisions"}],"predecessor-version":[{"id":28410,"href":"https:\/\/partediario.com.ar\/index.php?rest_route=\/wp\/v2\/posts\/28408\/revisions\/28410"}],"wp:featuredmedia":[{"embeddable":true,"href":"https:\/\/partediario.com.ar\/index.php?rest_route=\/wp\/v2\/media\/28409"}],"wp:attachment":[{"href":"https:\/\/partediario.com.ar\/index.php?rest_route=%2Fwp%2Fv2%2Fmedia&parent=28408"}],"wp:term":[{"taxonomy":"category","embeddable":true,"href":"https:\/\/partediario.com.ar\/index.php?rest_route=%2Fwp%2Fv2%2Fcategories&post=28408"},{"taxonomy":"post_tag","embeddable":true,"href":"https:\/\/partediario.com.ar\/index.php?rest_route=%2Fwp%2Fv2%2Ftags&post=28408"}],"curies":[{"name":"wp","href":"https:\/\/api.w.org\/{rel}","templated":true}]}}