{"id":28443,"date":"2025-08-29T19:18:43","date_gmt":"2025-08-29T22:18:43","guid":{"rendered":"https:\/\/partediario.com.ar\/?p=28443"},"modified":"2025-08-30T12:07:45","modified_gmt":"2025-08-30T15:07:45","slug":"el-7-de-septiembre-hay-que-convertir-el-enojo-en-un-voto-contra-milei-expreso-kicillof","status":"publish","type":"post","link":"https:\/\/partediario.com.ar\/?p=28443","title":{"rendered":"\u201cEl 7 de septiembre hay que convertir el enojo en un voto contra Milei\u201d, expres\u00f3 Kicillof"},"content":{"rendered":"\n<h2 class=\"wp-block-heading\">El gobernador bonaerense, Axel Kicillof, convoc\u00f3 este viernes al electorado provincial a darle una \u201crespuesta colectiva\u201d al \u201cenojo\u201d contra las pol\u00edticas del presidente Javier Milei y convertir la \u201cindignaci\u00f3n\u201d en un voto por la \u201cboleta de Fuerza Patria\u201d.<\/h2>\n\n\n\n<p>\u00abCada puesto de trabajo que se pierde, cada jubilado que no puede pagar sus remedios y cada discapacitado que dej\u00f3 de recibir asistencia del Estado, tiene un responsable: se llama Javier Milei\u00bb, se\u00f1al\u00f3 Kicillof durante un encuentro con estudiantes en Almirante Brown.<\/p>\n\n\n\n<p>Asimismo, el gobernador indic\u00f3 que a \u201cesa pol\u00edtica individualista y cruel hay que darle una respuesta colectiva el pr\u00f3ximo 7 de septiembre\u201d.<\/p>\n\n\n\n<p>\u201cSi alguien est\u00e1 dudando en ir a votar, es momento de convencerlo de que convierta su enojo e indignaci\u00f3n en un voto por la boleta de Fuerza Patria\u201d, apunt\u00f3 Kicillof.<\/p>\n\n\n\n<p>Durante el acto tambi\u00e9n estuvo presente la vicegobernadora y candidata a diputada bonaerense por Fuerza Patria Ver\u00f3nica Magario, quien volvi\u00f3 a contrastar la gesti\u00f3n provincial con la nacional.<\/p>\n\n\n\n<p>\u201cHay dos formas de gobernar: una que abandona a nuestra gente y otra que todos los d\u00edas se ocupa de mejorar. Esa es la diferencia entre un Gobierno que ajusta y uno que protege a nuestro pueblo\u201d, destac\u00f3 Magario.<\/p>\n\n\n\n<p><\/p>\n\n\n\n<figure class=\"wp-block-image size-large\"><img loading=\"lazy\" decoding=\"async\" width=\"1024\" height=\"683\" src=\"https:\/\/partediario.com.ar\/wp-content\/uploads\/Kicillof-Grabois-1024x683.webp\" alt=\"\" class=\"wp-image-28444\" srcset=\"https:\/\/partediario.com.ar\/wp-content\/uploads\/Kicillof-Grabois-1024x683.webp 1024w, https:\/\/partediario.com.ar\/wp-content\/uploads\/Kicillof-Grabois-300x200.webp 300w, https:\/\/partediario.com.ar\/wp-content\/uploads\/Kicillof-Grabois-768x512.webp 768w, https:\/\/partediario.com.ar\/wp-content\/uploads\/Kicillof-Grabois.webp 1080w\" sizes=\"auto, (max-width: 1024px) 100vw, 1024px\" \/><\/figure>\n\n\n\n<p><\/p>\n\n\n\n<p>Mientras que el dirigente social y candidato a diputado nacional de Fuerza Patria, Juan Grabois, llam\u00f3 a \u201cdefender\u201d al gobierno de Kicillof y la provincia de Buenos Aires en la elecci\u00f3n bonaerense.<\/p>\n\n\n\n<p>\u201cLa pr\u00f3xima elecci\u00f3n es crucial para defender a la provincia de Buenos Aires y al gobierno de Axel Kicillof, para ponerse del lado de los trabajadores y de los m\u00e1s humildes y lograr as\u00ed una sociedad m\u00e1s justa y un pa\u00eds soberano\u201d, destac\u00f3 el referente del Frente Patria Grande.<\/p>\n\n\n\n<p>Por su parte el intendente local y candidato a diputado bonaerense del peronismo por la Tercera Secci\u00f3n Electoral, Mariano Cascallares, remarc\u00f3 la necesidad de un Estado \u201cfuerte, comprometido y eficiente\u201d para dar respuestas a las necesidades de la gente.<\/p>\n\n\n\n<p>\u201cSabemos que no contamos con el apoyo del Gobierno nacional, pero s\u00ed con una Provincia de Buenos Aires que est\u00e1 cerca para fortalecer las pol\u00edticas que les traen m\u00e1s y mejores oportunidades a nuestros vecinos\u201d, contrapuso Cascallares.<\/p>\n\n\n\n<p>Kicillof mantuvo este viernes un encuentro con estudiantes en la Universidad Nacional Guillermo Brown (UNaB) y recorri\u00f3 los avances de las obras de mejora integral de la Ruta Provincial N\u00b04 junto al jefe comunal de Almirante Brown.<\/p>\n\n\n\n<p>Adem\u00e1s particip\u00f3 de las actividades el ministro de Infraestructura bonaerense, Gabriel Katopodis, la candidata a diputada nacional Fernanda Mi\u00f1o; y los concejales Paula Eichel, Leandro Battafarano y Micaela Ort\u00edz.<\/p>\n","protected":false},"excerpt":{"rendered":"<p>El gobernador bonaerense, Axel Kicillof, convoc&oacute; este viernes al electorado provincial a darle una &ldquo;respuesta colectiva&rdquo; al &ldquo;enojo&rdquo; contra las pol&iacute;ticas del presidente Javier Milei y convertir la &ldquo;indignaci&oacute;n&rdquo; en un voto por la &ldquo;boleta de Fuerza Patria&rdquo;. &laquo;Cada puesto de trabajo que se pierde, cada jubilado que no puede pagar sus remedios y cada [&hellip;]<\/p>\n","protected":false},"author":2,"featured_media":28445,"comment_status":"closed","ping_status":"closed","sticky":false,"template":"","format":"standard","meta":{"footnotes":""},"categories":[176,8],"tags":[1112,6347,232,395,747],"class_list":["post-28443","post","type-post","status-publish","format-standard","has-post-thumbnail","hentry","category-politica","category-provinciales","tag-axel-kicillof","tag-fuerza-patria","tag-javier-milei","tag-juan-grabois","tag-veronica-magario"],"_links":{"self":[{"href":"https:\/\/partediario.com.ar\/index.php?rest_route=\/wp\/v2\/posts\/28443","targetHints":{"allow":["GET"]}}],"collection":[{"href":"https:\/\/partediario.com.ar\/index.php?rest_route=\/wp\/v2\/posts"}],"about":[{"href":"https:\/\/partediario.com.ar\/index.php?rest_route=\/wp\/v2\/types\/post"}],"author":[{"embeddable":true,"href":"https:\/\/partediario.com.ar\/index.php?rest_route=\/wp\/v2\/users\/2"}],"replies":[{"embeddable":true,"href":"https:\/\/partediario.com.ar\/index.php?rest_route=%2Fwp%2Fv2%2Fcomments&post=28443"}],"version-history":[{"count":1,"href":"https:\/\/partediario.com.ar\/index.php?rest_route=\/wp\/v2\/posts\/28443\/revisions"}],"predecessor-version":[{"id":28446,"href":"https:\/\/partediario.com.ar\/index.php?rest_route=\/wp\/v2\/posts\/28443\/revisions\/28446"}],"wp:featuredmedia":[{"embeddable":true,"href":"https:\/\/partediario.com.ar\/index.php?rest_route=\/wp\/v2\/media\/28445"}],"wp:attachment":[{"href":"https:\/\/partediario.com.ar\/index.php?rest_route=%2Fwp%2Fv2%2Fmedia&parent=28443"}],"wp:term":[{"taxonomy":"category","embeddable":true,"href":"https:\/\/partediario.com.ar\/index.php?rest_route=%2Fwp%2Fv2%2Fcategories&post=28443"},{"taxonomy":"post_tag","embeddable":true,"href":"https:\/\/partediario.com.ar\/index.php?rest_route=%2Fwp%2Fv2%2Ftags&post=28443"}],"curies":[{"name":"wp","href":"https:\/\/api.w.org\/{rel}","templated":true}]}}