{"id":2845,"date":"2024-06-18T22:43:09","date_gmt":"2024-06-19T01:43:09","guid":{"rendered":"https:\/\/partediario.com.ar\/?p=2845"},"modified":"2024-06-18T22:43:11","modified_gmt":"2024-06-19T01:43:11","slug":"el-partido-justicialista-mantuvo-una-reunion-donde-se-plantearon-las-futuras-perspectivas-del-espacio","status":"publish","type":"post","link":"https:\/\/partediario.com.ar\/?p=2845","title":{"rendered":"El Partido Justicialista mantuvo una reuni\u00f3n donde se plantearon las futuras perspectivas del espacio"},"content":{"rendered":"\n<p><strong>El pasado viernes, en la sede del Partido Justicialista ubicada en Calle 9 de Julio, en la ciudad de Paran\u00e1, se llev\u00f3 a cabo una reuni\u00f3n entre integrantes del Consejo Departamental Paran\u00e1 y miembros de la Juventud Sindical Peronista.<\/strong><\/p>\n\n\n\n<p>Durante el encuentro, se debati\u00f3 sobre la coyuntura pol\u00edtica actual y la realidad del partido, generando un espacio de intercambio y reflexi\u00f3n sobre los desaf\u00edos y perspectivas del peronismo en la regi\u00f3n.<\/p>\n\n\n\n<p><\/p>\n\n\n\n<figure class=\"wp-block-image size-large\"><img loading=\"lazy\" decoding=\"async\" width=\"1024\" height=\"768\" src=\"https:\/\/partediario.com.ar\/wp-content\/uploads\/8c6914e7-60d6-4328-83a7-c4c6d3114954-1024x768.jpeg\" alt=\"\" class=\"wp-image-2846\" srcset=\"https:\/\/partediario.com.ar\/wp-content\/uploads\/8c6914e7-60d6-4328-83a7-c4c6d3114954-1024x768.jpeg 1024w, https:\/\/partediario.com.ar\/wp-content\/uploads\/8c6914e7-60d6-4328-83a7-c4c6d3114954-300x225.jpeg 300w, https:\/\/partediario.com.ar\/wp-content\/uploads\/8c6914e7-60d6-4328-83a7-c4c6d3114954-768x576.jpeg 768w, https:\/\/partediario.com.ar\/wp-content\/uploads\/8c6914e7-60d6-4328-83a7-c4c6d3114954.jpeg 1280w\" sizes=\"auto, (max-width: 1024px) 100vw, 1024px\" \/><\/figure>\n\n\n\n<p><\/p>\n\n\n\n<p>Adem\u00e1s, se discuti\u00f3 la reciente actitud del senador nacional Edgardo Kueider, cuyo comportamiento ha generado el repudio de todo el peronismo. Los asistentes analizaron las implicancias de sus acciones y su impacto en la din\u00e1mica interna del peronismo local. Ambos espacios coincidieron en la necesidad de que las autoridades del partido a nivel provincial activen los instrumentos institucionales, como el Comit\u00e9 Disciplinario, para tratar la expulsi\u00f3n del PJ. Esta medida busca fortalecer la estructura y reorganizaci\u00f3n del partido con se\u00f1ales claras a la militancia.<\/p>\n\n\n\n<p>Otro punto central que se debati\u00f3 fue la importancia de volver a convocar a un congreso partidario, algo que las bases vienen pidiendo hace mucho tiempo.<\/p>\n","protected":false},"excerpt":{"rendered":"<p>El pasado viernes, en la sede del Partido Justicialista ubicada en Calle 9 de Julio, en la ciudad de Paran&aacute;, se llev&oacute; a cabo una reuni&oacute;n entre integrantes del Consejo Departamental Paran&aacute; y miembros de la Juventud Sindical Peronista. Durante el encuentro, se debati&oacute; sobre la coyuntura pol&iacute;tica actual y la realidad del partido, generando [&hellip;]<\/p>\n","protected":false},"author":2,"featured_media":2847,"comment_status":"open","ping_status":"open","sticky":false,"template":"","format":"standard","meta":{"footnotes":""},"categories":[6,176],"tags":[597,598,280,257,265,281],"class_list":["post-2845","post","type-post","status-publish","format-standard","has-post-thumbnail","hentry","category-locales","category-politica","tag-consejo","tag-departamental","tag-edgardo-kueider","tag-entre-rios","tag-parana","tag-partido-justicialista"],"_links":{"self":[{"href":"https:\/\/partediario.com.ar\/index.php?rest_route=\/wp\/v2\/posts\/2845","targetHints":{"allow":["GET"]}}],"collection":[{"href":"https:\/\/partediario.com.ar\/index.php?rest_route=\/wp\/v2\/posts"}],"about":[{"href":"https:\/\/partediario.com.ar\/index.php?rest_route=\/wp\/v2\/types\/post"}],"author":[{"embeddable":true,"href":"https:\/\/partediario.com.ar\/index.php?rest_route=\/wp\/v2\/users\/2"}],"replies":[{"embeddable":true,"href":"https:\/\/partediario.com.ar\/index.php?rest_route=%2Fwp%2Fv2%2Fcomments&post=2845"}],"version-history":[{"count":1,"href":"https:\/\/partediario.com.ar\/index.php?rest_route=\/wp\/v2\/posts\/2845\/revisions"}],"predecessor-version":[{"id":2848,"href":"https:\/\/partediario.com.ar\/index.php?rest_route=\/wp\/v2\/posts\/2845\/revisions\/2848"}],"wp:featuredmedia":[{"embeddable":true,"href":"https:\/\/partediario.com.ar\/index.php?rest_route=\/wp\/v2\/media\/2847"}],"wp:attachment":[{"href":"https:\/\/partediario.com.ar\/index.php?rest_route=%2Fwp%2Fv2%2Fmedia&parent=2845"}],"wp:term":[{"taxonomy":"category","embeddable":true,"href":"https:\/\/partediario.com.ar\/index.php?rest_route=%2Fwp%2Fv2%2Fcategories&post=2845"},{"taxonomy":"post_tag","embeddable":true,"href":"https:\/\/partediario.com.ar\/index.php?rest_route=%2Fwp%2Fv2%2Ftags&post=2845"}],"curies":[{"name":"wp","href":"https:\/\/api.w.org\/{rel}","templated":true}]}}