{"id":28457,"date":"2025-08-31T08:54:54","date_gmt":"2025-08-31T11:54:54","guid":{"rendered":"https:\/\/partediario.com.ar\/?p=28457"},"modified":"2025-09-01T18:20:44","modified_gmt":"2025-09-01T21:20:44","slug":"las-claves-del-primer-escandalo-de-corrupcion-que-golpea-al-gobierno-de-milei","status":"publish","type":"post","link":"https:\/\/partediario.com.ar\/?p=28457","title":{"rendered":"Las claves del primer esc\u00e1ndalo de corrupci\u00f3n que golpea al Gobierno de Milei"},"content":{"rendered":"\n<h2 class=\"wp-block-heading\">La reciente filtraci\u00f3n de audios atribuida a Diego Spagnuolo, exdirector de la Agencia Nacional de Discapacidad (ANDIS), ha desencadenado un fuerte esc\u00e1ndalo de corrupci\u00f3n que sacude los cimientos del gobierno de Javier Milei. Las revelaciones surgidas en estos registros no solo apuntan a un presunto sistema de coimas en la compra de medicamentos, sino que tambi\u00e9n implican a figuras clave del entorno pol\u00edtico del presidente, encendiendo alarmas en un contexto electoral altamente delicado.<\/h2>\n\n\n\n<p>El episodio tuvo su estallido inicial con la difusi\u00f3n de audios donde Spagnuolo menciona un esquema de retornos ilegales del 8% en la adquisici\u00f3n de medicamentos por parte de la ANDIS. Esta afirmaci\u00f3n pone en evidencia una estructura que, de ser confirmada, no solo compromete la integridad de la gesti\u00f3n de Milei, sino que tambi\u00e9n afecta la confianza p\u00fablica en una administraci\u00f3n que lleg\u00f3 al poder prometiendo transparencia y cambios radicales en el manejo del Estado.<\/p>\n\n\n\n<p>Entre los nombres mencionados se encuentran Karina Milei, secretaria General de la Presidencia, y Eduardo \u00abLule\u00bb Menem, subsecretario de Gesti\u00f3n Institucional. La inclusi\u00f3n de estos personajes en la trama es particularmente preocupante, ya que ambos son considerados aliados estrat\u00e9gicos del presidente. Adem\u00e1s, se se\u00f1ala a la droguer\u00eda Suizo Argentina como la intermediaria en las transacciones ilegales, lo que sugiere un nivel de complicidad que se extiende m\u00e1s all\u00e1 de la esfera pol\u00edtica hacia el sector privado.<\/p>\n\n\n\n<p>Diego Spagnuolo, quien hasta ahora ocupaba un cargo de relevancia y ten\u00eda una estrecha relaci\u00f3n con Milei, fue desplazado tras el estallido del esc\u00e1ndalo, evidenciando que no se trata de un funcionario menor, sino de alguien con conexiones significativas. Su frecuencia en la Quinta de Olivos indica que estaba al tanto de decisiones cruciales, lo cual aumenta la gravedad de la situaci\u00f3n al considerar que podr\u00eda haber actuado bajo el amparo del propio presidente.<\/p>\n\n\n\n<p>La reacci\u00f3n de la justicia ha sido r\u00e1pida, con la apertura de una causa tras la denuncia del abogado Gregorio Dalb\u00f3n. La orden de allanamientos y la incautaci\u00f3n de m\u00e1s de 200 mil d\u00f3lares en efectivo reflejan la seriedad de las acusaciones, aunque el gobierno se ha apresurado a calificar el esc\u00e1ndalo como una \u00aboperaci\u00f3n electoral\u00bb orquestada en un momento cr\u00edtico, a tan solo dos semanas de las elecciones provinciales en Buenos Aires. Este argumento, no obstante, suena a una estrategia defensiva m\u00e1s que a una respuesta concreta que aborde las inquietudes planteadas por los audios.<\/p>\n\n\n\n<p>En t\u00e9rminos de impacto pol\u00edtico, este hecho podr\u00eda tener repercusiones significativas para la administraci\u00f3n de Milei. La percepci\u00f3n p\u00fablica sobre la corrupci\u00f3n ha sido un factor determinante en la pol\u00edtica argentina, y cualquier atisbo de deshonestidad puede erosionar r\u00e1pidamente el apoyo popular. La defensa del gobierno, que ha sido unificada en torno a la idea de una conspiraci\u00f3n, puede resultar insuficiente si no se presentan evidencias claras que desacrediten las acusaciones.<\/p>\n\n\n\n<p>El esc\u00e1ndalo que envuelve al gobierno de Javier Milei no solo amenaza con desestabilizar su administraci\u00f3n, sino que tambi\u00e9n plantea preguntas cr\u00edticas sobre la \u00e9tica y la integridad en el ejercicio del poder. A medida que la investigaci\u00f3n judicial avanza, ser\u00e1 fundamental que tanto el oficialismo como la oposici\u00f3n mantengan un compromiso firme con la verdad, dejando de lado las especulaciones y buscando esclarecer un asunto que, de confirmarse, podr\u00eda tener efectos devastadores para la confianza ciudadana en la pol\u00edtica argentina.<\/p>\n","protected":false},"excerpt":{"rendered":"<p>La reciente filtraci&oacute;n de audios atribuida a Diego Spagnuolo, exdirector de la Agencia Nacional de Discapacidad (ANDIS), ha desencadenado un fuerte esc&aacute;ndalo de corrupci&oacute;n que sacude los cimientos del gobierno de Javier Milei. Las revelaciones surgidas en estos registros no solo apuntan a un presunto sistema de coimas en la compra de medicamentos, sino que [&hellip;]<\/p>\n","protected":false},"author":2,"featured_media":28441,"comment_status":"closed","ping_status":"closed","sticky":false,"template":"","format":"standard","meta":{"footnotes":""},"categories":[979,5,176],"tags":[1904,3397,6664,6599,2012,232,6663],"class_list":["post-28457","post","type-post","status-publish","format-standard","has-post-thumbnail","hentry","category-judiciales","category-nacionales","category-politica","tag-andis","tag-diego-spagnuolo","tag-drogueria","tag-eduardo-menem","tag-escandalo","tag-javier-milei","tag-suizo-argentina"],"_links":{"self":[{"href":"https:\/\/partediario.com.ar\/index.php?rest_route=\/wp\/v2\/posts\/28457","targetHints":{"allow":["GET"]}}],"collection":[{"href":"https:\/\/partediario.com.ar\/index.php?rest_route=\/wp\/v2\/posts"}],"about":[{"href":"https:\/\/partediario.com.ar\/index.php?rest_route=\/wp\/v2\/types\/post"}],"author":[{"embeddable":true,"href":"https:\/\/partediario.com.ar\/index.php?rest_route=\/wp\/v2\/users\/2"}],"replies":[{"embeddable":true,"href":"https:\/\/partediario.com.ar\/index.php?rest_route=%2Fwp%2Fv2%2Fcomments&post=28457"}],"version-history":[{"count":1,"href":"https:\/\/partediario.com.ar\/index.php?rest_route=\/wp\/v2\/posts\/28457\/revisions"}],"predecessor-version":[{"id":28458,"href":"https:\/\/partediario.com.ar\/index.php?rest_route=\/wp\/v2\/posts\/28457\/revisions\/28458"}],"wp:featuredmedia":[{"embeddable":true,"href":"https:\/\/partediario.com.ar\/index.php?rest_route=\/wp\/v2\/media\/28441"}],"wp:attachment":[{"href":"https:\/\/partediario.com.ar\/index.php?rest_route=%2Fwp%2Fv2%2Fmedia&parent=28457"}],"wp:term":[{"taxonomy":"category","embeddable":true,"href":"https:\/\/partediario.com.ar\/index.php?rest_route=%2Fwp%2Fv2%2Fcategories&post=28457"},{"taxonomy":"post_tag","embeddable":true,"href":"https:\/\/partediario.com.ar\/index.php?rest_route=%2Fwp%2Fv2%2Ftags&post=28457"}],"curies":[{"name":"wp","href":"https:\/\/api.w.org\/{rel}","templated":true}]}}