{"id":28460,"date":"2025-08-31T09:06:05","date_gmt":"2025-08-31T12:06:05","guid":{"rendered":"https:\/\/partediario.com.ar\/?p=28460"},"modified":"2025-09-01T18:20:40","modified_gmt":"2025-09-01T21:20:40","slug":"francos-acuso-a-pagano-de-inexperta-y-la-legisladora-le-contesto-con-denuncias-de-corrupcion","status":"publish","type":"post","link":"https:\/\/partediario.com.ar\/?p=28460","title":{"rendered":"Francos acus\u00f3 a Pagano de \u00abinexperta\u00bb y la legisladora le contest\u00f3 con denuncias de corrupci\u00f3n"},"content":{"rendered":"\n<h2 class=\"wp-block-heading\">La interna en el oficialismo escal\u00f3 a un nuevo nivel de tensi\u00f3n este s\u00e1bado con un feroz cruce p\u00fablico entre el jefe de Gabinete, Guillermo Francos, y la diputada Marcela Pagano. Despu\u00e9s que el ministro la calificara de \u00abinexperta\u00bb por vincularlo a la filtraci\u00f3n de audios, la legisladora contest\u00f3 con un hilo de tuits en el que lo acus\u00f3 de estar involucrado en una \u00abquiebra fraudulenta\u00bb y otras \u00aboperaciones\u00bb pol\u00edticas.<\/h2>\n\n\n\n<p>El conflicto se origin\u00f3 tras una entrevista de Francos con CNN Radio, donde desestim\u00f3 las acusaciones de Pagano sobre su responsabilidad en el esc\u00e1ndalo de las grabaciones ilegales. El jefe de Gabinete calific\u00f3 los dichos de la diputada como \u00abuna cosa rid\u00edcula que no tiene ni pies ni cabeza\u00bb y los atribuy\u00f3 a su \u00abinexperiencia\u00bb o a la influencia de \u00absu pareja, que tiene largos antecedentes en operaciones pol\u00edticas medi\u00e1ticas\u00bb.<\/p>\n\n\n\n<p><\/p>\n\n\n\n<blockquote class=\"twitter-tweet\"><p lang=\"es\" dir=\"ltr\">Respuesta de una diputada \u201cinexperta\u201d al Sr Jefe de Gabinete <a href=\"https:\/\/twitter.com\/GAFrancosOk?ref_src=twsrc%5Etfw\">@GAFrancosOk<\/a> . Tiene raz\u00f3n carezco de experiencia como la de Ud, que hizo una operaci\u00f3n al ex presidente del BID, Claver Carone, junto a Gustavo Beliz para liberarle la presidencia. <a href=\"https:\/\/t.co\/ARneOJj4Z7\">https:\/\/t.co\/ARneOJj4Z7<\/a> (abro hilo)<\/p>&mdash; Marcela Pagano (@Marcelampagano) <a href=\"https:\/\/twitter.com\/Marcelampagano\/status\/1961929557885206593?ref_src=twsrc%5Etfw\">August 30, 2025<\/a><\/blockquote> <script async src=\"https:\/\/platform.twitter.com\/widgets.js\" charset=\"utf-8\"><\/script>\n\n\n\n<p><\/p>\n\n\n\n<p>La respuesta de Pagano fue inmediata y contundente. En su cuenta de X, la diputada enumer\u00f3 hechos del pasado del ministro: \u00abTiene raz\u00f3n carezco de experiencia como la de Ud, que hizo una operaci\u00f3n al ex presidente del BID, Claver Carone, junto a Gustavo Beliz para liberarle la presidencia\u00bb. Y a\u00f1adi\u00f3: \u00abtampoco tengo experiencia en fundir empresas y mucho menos en quiebras fraudulentas como la que experiment\u00f3 Ud con la firma Volare. Recuerda Italia?\u00bb. Finalmente, lo acus\u00f3 de haber hecho \u00abpagar facturas por servicios no prestados\u00bb durante su paso por el Banco Provincia en la gesti\u00f3n de Daniel Scioli.<\/p>\n\n\n\n<p>Este cruce es consecuencia directa de la filtraci\u00f3n de un audio atribuido a la secretaria General de la Presidencia, Karina Milei, que el Gobierno califica como \u00abuna enorme operaci\u00f3n pol\u00edtica\u00bb. Francos afirm\u00f3 que es un hecho de suma gravedad si la grabaci\u00f3n ocurri\u00f3 dentro de la Casa Rosada, pero descart\u00f3 de plano que \u00abgente del Gobierno est\u00e9 dentro de esto\u00bb y anticip\u00f3 que podr\u00edan intervenir los servicios de inteligencia para investigar el origen.<\/p>\n\n\n\n<p>Mientras el oficialismo intenta mostrarse unido frente a lo que considera un ataque externo, el virulento cruce entre su jefe de Gabinete y una de sus diputadas muestra a las claras la fuerte fractura interna que atraviesa el espacio en medio del esc\u00e1ndalo por los presuntos casos de corrupci\u00f3n.<\/p>\n","protected":false},"excerpt":{"rendered":"<p>La interna en el oficialismo escal&oacute; a un nuevo nivel de tensi&oacute;n este s&aacute;bado con un feroz cruce p&uacute;blico entre el jefe de Gabinete, Guillermo Francos, y la diputada Marcela Pagano. Despu&eacute;s que el ministro la calificara de &laquo;inexperta&raquo; por vincularlo a la filtraci&oacute;n de audios, la legisladora contest&oacute; con un hilo de tuits en [&hellip;]<\/p>\n","protected":false},"author":2,"featured_media":28461,"comment_status":"closed","ping_status":"closed","sticky":false,"template":"","format":"standard","meta":{"footnotes":""},"categories":[5,176],"tags":[1901,3092,329,6666,1209],"class_list":["post-28460","post","type-post","status-publish","format-standard","has-post-thumbnail","hentry","category-nacionales","category-politica","tag-corrupcion","tag-cruce","tag-guillermo-francos","tag-inexperta","tag-marcela-pagano"],"_links":{"self":[{"href":"https:\/\/partediario.com.ar\/index.php?rest_route=\/wp\/v2\/posts\/28460","targetHints":{"allow":["GET"]}}],"collection":[{"href":"https:\/\/partediario.com.ar\/index.php?rest_route=\/wp\/v2\/posts"}],"about":[{"href":"https:\/\/partediario.com.ar\/index.php?rest_route=\/wp\/v2\/types\/post"}],"author":[{"embeddable":true,"href":"https:\/\/partediario.com.ar\/index.php?rest_route=\/wp\/v2\/users\/2"}],"replies":[{"embeddable":true,"href":"https:\/\/partediario.com.ar\/index.php?rest_route=%2Fwp%2Fv2%2Fcomments&post=28460"}],"version-history":[{"count":1,"href":"https:\/\/partediario.com.ar\/index.php?rest_route=\/wp\/v2\/posts\/28460\/revisions"}],"predecessor-version":[{"id":28462,"href":"https:\/\/partediario.com.ar\/index.php?rest_route=\/wp\/v2\/posts\/28460\/revisions\/28462"}],"wp:featuredmedia":[{"embeddable":true,"href":"https:\/\/partediario.com.ar\/index.php?rest_route=\/wp\/v2\/media\/28461"}],"wp:attachment":[{"href":"https:\/\/partediario.com.ar\/index.php?rest_route=%2Fwp%2Fv2%2Fmedia&parent=28460"}],"wp:term":[{"taxonomy":"category","embeddable":true,"href":"https:\/\/partediario.com.ar\/index.php?rest_route=%2Fwp%2Fv2%2Fcategories&post=28460"},{"taxonomy":"post_tag","embeddable":true,"href":"https:\/\/partediario.com.ar\/index.php?rest_route=%2Fwp%2Fv2%2Ftags&post=28460"}],"curies":[{"name":"wp","href":"https:\/\/api.w.org\/{rel}","templated":true}]}}