{"id":28463,"date":"2025-08-31T09:12:49","date_gmt":"2025-08-31T12:12:49","guid":{"rendered":"https:\/\/partediario.com.ar\/?p=28463"},"modified":"2025-09-01T18:20:30","modified_gmt":"2025-09-01T21:20:30","slug":"intentaran-que-karina-milei-se-siente-en-el-banquillo-de-los-acusados-del-congreso","status":"publish","type":"post","link":"https:\/\/partediario.com.ar\/?p=28463","title":{"rendered":"Intentar\u00e1n que Karina Milei se siente en el banquillo de los acusados del Congreso"},"content":{"rendered":"\n<h2 class=\"wp-block-heading\">La oposici\u00f3n en la C\u00e1mara de Diputados iniciar\u00e1 este martes una ofensiva coordinada para intentar la interpelaci\u00f3n de la secretaria General de la Presidencia, Karina Milei, por su menci\u00f3n en los audios que derivaron en un esc\u00e1ndalo por presuntas coimas en la Agencia Nacional de Discapacidad (ANDIS).<\/h2>\n\n\n\n<p>Seg\u00fan trascendi\u00f3, la estrategia opositora se activar\u00e1 en las comisiones de Salud y Discapacidad, ambas presididas por Uni\u00f3n por la Patria, donde se tratar\u00e1n los distintos pedidos de citaci\u00f3n. No obstante, el camino de los proyectos est\u00e1 bloqueado, ya que la comisi\u00f3n cabecera es la de Asuntos Constitucionales, controlada por el libertario Nicol\u00e1s Mayoraz.<\/p>\n\n\n\n<p>Ante este panorama, la oposici\u00f3n planea recurrir a una herramienta que ya le dio resultados: buscar una votaci\u00f3n en el pleno de la C\u00e1mara para \u00abemplazar a la comisi\u00f3n\u00bb y forzarla a tratar los expedientes, tal como sucedi\u00f3 en abril con el caso de la criptomoneda $LIBRA.<\/p>\n\n\n\n<p>Este martes, la Comisi\u00f3n de Salud, conducida por Pablo Yedlin, estudiar\u00e1 los proyectos de los diputados Sabrina Selva (UP) y Christian Castillo (FIT) que reclaman la presencia de la hermana del Presidente. M\u00e1s tarde, la Comisi\u00f3n de Discapacidad, a cargo de Daniel Arroyo, har\u00e1 lo propio con una iniciativa del socialista Esteban Paul\u00f3n.<\/p>\n\n\n\n<p>Sin embargo, el antecedente del caso $LIBRA es agridulce para la oposici\u00f3n. Si bien lograron forzar el tratamiento, en aquella oportunidad la falta de consenso dej\u00f3 afuera a Karina Milei de la citaci\u00f3n y al recinto solo termin\u00f3 asistiendo el jefe de Gabinete, Guillermo Francos, demostrando la dificultad que enfrentar\u00e1n para sentar a la hermana del presidente en el Congreso.<\/p>\n","protected":false},"excerpt":{"rendered":"<p>La oposici&oacute;n en la C&aacute;mara de Diputados iniciar&aacute; este martes una ofensiva coordinada para intentar la interpelaci&oacute;n de la secretaria General de la Presidencia, Karina Milei, por su menci&oacute;n en los audios que derivaron en un esc&aacute;ndalo por presuntas coimas en la Agencia Nacional de Discapacidad (ANDIS). Seg&uacute;n trascendi&oacute;, la estrategia opositora se activar&aacute; en [&hellip;]<\/p>\n","protected":false},"author":2,"featured_media":28464,"comment_status":"closed","ping_status":"closed","sticky":false,"template":"","format":"standard","meta":{"footnotes":""},"categories":[5,176],"tags":[1904,6670,310,329,263,6669,6668,6049],"class_list":["post-28463","post","type-post","status-publish","format-standard","has-post-thumbnail","hentry","category-nacionales","category-politica","tag-andis","tag-daniel-arroyo","tag-diputados","tag-guillermo-francos","tag-karina-milei","tag-nicolas-mayoraz","tag-opocision","tag-pablo-yedlin"],"_links":{"self":[{"href":"https:\/\/partediario.com.ar\/index.php?rest_route=\/wp\/v2\/posts\/28463","targetHints":{"allow":["GET"]}}],"collection":[{"href":"https:\/\/partediario.com.ar\/index.php?rest_route=\/wp\/v2\/posts"}],"about":[{"href":"https:\/\/partediario.com.ar\/index.php?rest_route=\/wp\/v2\/types\/post"}],"author":[{"embeddable":true,"href":"https:\/\/partediario.com.ar\/index.php?rest_route=\/wp\/v2\/users\/2"}],"replies":[{"embeddable":true,"href":"https:\/\/partediario.com.ar\/index.php?rest_route=%2Fwp%2Fv2%2Fcomments&post=28463"}],"version-history":[{"count":1,"href":"https:\/\/partediario.com.ar\/index.php?rest_route=\/wp\/v2\/posts\/28463\/revisions"}],"predecessor-version":[{"id":28465,"href":"https:\/\/partediario.com.ar\/index.php?rest_route=\/wp\/v2\/posts\/28463\/revisions\/28465"}],"wp:featuredmedia":[{"embeddable":true,"href":"https:\/\/partediario.com.ar\/index.php?rest_route=\/wp\/v2\/media\/28464"}],"wp:attachment":[{"href":"https:\/\/partediario.com.ar\/index.php?rest_route=%2Fwp%2Fv2%2Fmedia&parent=28463"}],"wp:term":[{"taxonomy":"category","embeddable":true,"href":"https:\/\/partediario.com.ar\/index.php?rest_route=%2Fwp%2Fv2%2Fcategories&post=28463"},{"taxonomy":"post_tag","embeddable":true,"href":"https:\/\/partediario.com.ar\/index.php?rest_route=%2Fwp%2Fv2%2Ftags&post=28463"}],"curies":[{"name":"wp","href":"https:\/\/api.w.org\/{rel}","templated":true}]}}