{"id":28466,"date":"2025-08-31T09:18:42","date_gmt":"2025-08-31T12:18:42","guid":{"rendered":"https:\/\/partediario.com.ar\/?p=28466"},"modified":"2025-09-01T18:20:20","modified_gmt":"2025-09-01T21:20:20","slug":"elecciones-en-corrientes-se-presentan-7-formulas-para-la-gobernacion-con-58-boletas-en-el-cuarto-oscuro","status":"publish","type":"post","link":"https:\/\/partediario.com.ar\/?p=28466","title":{"rendered":"Elecciones en Corrientes: se presentan 7 f\u00f3rmulas para la gobernaci\u00f3n con 58 boletas en el cuarto oscuro"},"content":{"rendered":"\n<h2 class=\"wp-block-heading\">La provincia de Corrientes lleva adelante este domingo una elecci\u00f3n clave para definir al sucesor del gobernador Gustavo Vald\u00e9s, en una jornada que se destaca por su complejidad: siete f\u00f3rmulas competir\u00e1n por la gobernaci\u00f3n y los votantes se encontrar\u00e1n con 58 boletas diferentes en los cuartos oscuros.<\/h2>\n\n\n\n<p>Las siete alianzas que buscan suceder a Vald\u00e9s son:<\/p>\n\n\n\n<p>Vamos Corrientes: Juan Pablo Vald\u00e9s \u2013 N\u00e9stor Braillard Poccard.<br>La Libertad Avanza: Claudio Almir\u00f3n \u2013 Evelyn Karsten.<br>Encuentro por Corrientes\u2013 ECO: Ricardo Horacio Colombi \u2013 Mart\u00edn Barrionuevo.<br>Limpiar Corrientes: Mart\u00edn Asc\u00faa \u2013 C\u00e9sar Lezcano.<br>Cambi\u00e1 Corrientes: Sonia L\u00f3pez \u2013 Ra\u00fal Dal Lago.<br>Partido De la Esperanza: Adriana Vega \u2013 Andr\u00e9s Barboza.<br>Partido Ahora: Carlos Romero \u2013 Ana Casaro Qui\u00f1ones.<\/p>\n\n\n\n<p>La jornada electoral presenta desaf\u00edos log\u00edsticos, con un padr\u00f3n donde la Capital concentra el 33% de los votantes. La log\u00edstica estar\u00e1 a cargo de la empresa Andreani y la transmisi\u00f3n de datos de la estatal provincial Telco, una decisi\u00f3n que desat\u00f3 \u00absuspicacias en la oposici\u00f3n\u00bb y deriv\u00f3 en una queja formal que termin\u00f3 en una ampliaci\u00f3n de las potestades de fiscalizaci\u00f3n por parte de la Junta Electoral.<\/p>\n\n\n\n<p>El proceso electoral se desarrollar\u00e1 desde las 8 hasta las 18 en los 373 centros de votaci\u00f3n habilitados.<\/p>\n\n\n\n<p>La Junta Electoral de la Provincia inform\u00f3 que el escrutinio provisorio podr\u00e1 consultarse por medio de su sitio oficial a partir de las 21:00 del domingo. Por su parte, el conteo definitivo comenzar\u00e1 el martes 2 de septiembre a las 18:00 en la Legislatura Provincial.<\/p>\n\n\n\n<p>Para facilitar el ejercicio del voto, el Registro Provincial de las Personas mantendr\u00e1 sus puertas abiertas de 8 a 17:30 exclusivamente para la entrega de DNI ya tramitados. Se recuerda que el voto no es obligatorio para los j\u00f3venes de entre 16 y 18 a\u00f1os, ni para los mayores de 70.<\/p>\n","protected":false},"excerpt":{"rendered":"<p>La provincia de Corrientes lleva adelante este domingo una elecci&oacute;n clave para definir al sucesor del gobernador Gustavo Vald&eacute;s, en una jornada que se destaca por su complejidad: siete f&oacute;rmulas competir&aacute;n por la gobernaci&oacute;n y los votantes se encontrar&aacute;n con 58 boletas diferentes en los cuartos oscuros. Las siete alianzas que buscan suceder a Vald&eacute;s [&hellip;]<\/p>\n","protected":false},"author":2,"featured_media":28467,"comment_status":"closed","ping_status":"closed","sticky":false,"template":"","format":"standard","meta":{"footnotes":""},"categories":[176,8],"tags":[448,1955],"class_list":["post-28466","post","type-post","status-publish","format-standard","has-post-thumbnail","hentry","category-politica","category-provinciales","tag-corrientes","tag-elecciones"],"_links":{"self":[{"href":"https:\/\/partediario.com.ar\/index.php?rest_route=\/wp\/v2\/posts\/28466","targetHints":{"allow":["GET"]}}],"collection":[{"href":"https:\/\/partediario.com.ar\/index.php?rest_route=\/wp\/v2\/posts"}],"about":[{"href":"https:\/\/partediario.com.ar\/index.php?rest_route=\/wp\/v2\/types\/post"}],"author":[{"embeddable":true,"href":"https:\/\/partediario.com.ar\/index.php?rest_route=\/wp\/v2\/users\/2"}],"replies":[{"embeddable":true,"href":"https:\/\/partediario.com.ar\/index.php?rest_route=%2Fwp%2Fv2%2Fcomments&post=28466"}],"version-history":[{"count":1,"href":"https:\/\/partediario.com.ar\/index.php?rest_route=\/wp\/v2\/posts\/28466\/revisions"}],"predecessor-version":[{"id":28468,"href":"https:\/\/partediario.com.ar\/index.php?rest_route=\/wp\/v2\/posts\/28466\/revisions\/28468"}],"wp:featuredmedia":[{"embeddable":true,"href":"https:\/\/partediario.com.ar\/index.php?rest_route=\/wp\/v2\/media\/28467"}],"wp:attachment":[{"href":"https:\/\/partediario.com.ar\/index.php?rest_route=%2Fwp%2Fv2%2Fmedia&parent=28466"}],"wp:term":[{"taxonomy":"category","embeddable":true,"href":"https:\/\/partediario.com.ar\/index.php?rest_route=%2Fwp%2Fv2%2Fcategories&post=28466"},{"taxonomy":"post_tag","embeddable":true,"href":"https:\/\/partediario.com.ar\/index.php?rest_route=%2Fwp%2Fv2%2Ftags&post=28466"}],"curies":[{"name":"wp","href":"https:\/\/api.w.org\/{rel}","templated":true}]}}