{"id":28469,"date":"2025-08-31T09:29:41","date_gmt":"2025-08-31T12:29:41","guid":{"rendered":"https:\/\/partediario.com.ar\/?p=28469"},"modified":"2025-09-01T18:20:14","modified_gmt":"2025-09-01T21:20:14","slug":"senado-la-oposicion-busca-sesionar-por-la-emergencia-en-discapacidad-y-el-proyecto-que-regula-los-dnu","status":"publish","type":"post","link":"https:\/\/partediario.com.ar\/?p=28469","title":{"rendered":"Senado: la oposici\u00f3n busca sesionar por la emergencia en discapacidad y el proyecto que regula los DNU"},"content":{"rendered":"\n<h2 class=\"wp-block-heading\">Con el interbloque kirchnerista a la cabeza, la oposici\u00f3n buscar\u00e1 sesionar esta semana para aprobar el proyecto que regula la legislaci\u00f3n de decretos e insistir con el proyecto que declara la emergencia en discapacidad.<\/h2>\n\n\n\n<ul class=\"wp-block-list\">\n<li>por Gonzalo Delmonte<\/li>\n<\/ul>\n\n\n\n<p>El d\u00eda y la hora se definir\u00e1 en una reuni\u00f3n a concretarse en el inicio de la semana. No descartaban que las puertas del recinto se abran el mi\u00e9rcoles, seg\u00fan confiaron fuentes legislativas a la Agencia Noticias Argentinas.<\/p>\n\n\n\n<p>De esta manera, las bancadas opositoras, muchas de las cuales jugaron con el gobierno del presidente Javier Milei, intentar\u00e1n limitar el uso, principalmente, de los decretos de necesidad y urgencia; herramienta de la que Milei hizo uso y abuso para muchos senadores.<\/p>\n\n\n\n<p>La iniciativa obtuvo un r\u00e1pido y curioso despacho en la Comisi\u00f3n de Asuntos Constitucionales que preside la cordobesa Alejandra Vigo, en el que confluyeron no solo el kirchnerismo, sino tambi\u00e9n la UCR, PRO y provinciales.<\/p>\n\n\n\n<p>Establece un plazo de 90 d\u00edas corridos para su aprobaci\u00f3n por ambas c\u00e1maras o se considera \u201cderogado\u201d dejando a salvo los derechos adquiridos durante su vigencia. Adem\u00e1s, el rechazo de una de las c\u00e1maras ya lo deja sin efecto, entre otros puntos.<\/p>\n\n\n\n<p>Tambi\u00e9n se sumar\u00e1 a la eventual sesi\u00f3n la insistencia del proyecto que declara la emergencia en el \u00e1rea de discapacidad -vetada por Milei-, que ya cuenta con la media sanci\u00f3n de Diputados. Necesita ser aprobada por dos tercios algo que se da por hecho en la C\u00e1mara alta.<\/p>\n\n\n\n<p>Al Senado ya ingresaron la semana pasada otros dos proyectos aprobados en la C\u00e1mara baja: el que incrementa penas en delitos de evasi\u00f3n y el que modifica el huso horario, impulsado por el radical Julio Cobos. Ambos tendr\u00e1n giro de comisi\u00f3n. El segundo se encamina a dormir.<\/p>\n\n\n\n<p>*Acreditado en el Congreso de la Naci\u00f3n y Casa Rosada. Licenciado en periodismo de la Universidad de Palermo.<\/p>\n","protected":false},"excerpt":{"rendered":"<p>Con el interbloque kirchnerista a la cabeza, la oposici&oacute;n buscar&aacute; sesionar esta semana para aprobar el proyecto que regula la legislaci&oacute;n de decretos e insistir con el proyecto que declara la emergencia en discapacidad. El d&iacute;a y la hora se definir&aacute; en una reuni&oacute;n a concretarse en el inicio de la semana. No descartaban que [&hellip;]<\/p>\n","protected":false},"author":2,"featured_media":28470,"comment_status":"closed","ping_status":"closed","sticky":false,"template":"","format":"standard","meta":{"footnotes":""},"categories":[5,176],"tags":[1903,282,258,3834,804,6671,230],"class_list":["post-28469","post","type-post","status-publish","format-standard","has-post-thumbnail","hentry","category-nacionales","category-politica","tag-discapacidad","tag-dnu","tag-emergencia","tag-oposicion","tag-proyecto","tag-regulacion","tag-senado"],"_links":{"self":[{"href":"https:\/\/partediario.com.ar\/index.php?rest_route=\/wp\/v2\/posts\/28469","targetHints":{"allow":["GET"]}}],"collection":[{"href":"https:\/\/partediario.com.ar\/index.php?rest_route=\/wp\/v2\/posts"}],"about":[{"href":"https:\/\/partediario.com.ar\/index.php?rest_route=\/wp\/v2\/types\/post"}],"author":[{"embeddable":true,"href":"https:\/\/partediario.com.ar\/index.php?rest_route=\/wp\/v2\/users\/2"}],"replies":[{"embeddable":true,"href":"https:\/\/partediario.com.ar\/index.php?rest_route=%2Fwp%2Fv2%2Fcomments&post=28469"}],"version-history":[{"count":1,"href":"https:\/\/partediario.com.ar\/index.php?rest_route=\/wp\/v2\/posts\/28469\/revisions"}],"predecessor-version":[{"id":28471,"href":"https:\/\/partediario.com.ar\/index.php?rest_route=\/wp\/v2\/posts\/28469\/revisions\/28471"}],"wp:featuredmedia":[{"embeddable":true,"href":"https:\/\/partediario.com.ar\/index.php?rest_route=\/wp\/v2\/media\/28470"}],"wp:attachment":[{"href":"https:\/\/partediario.com.ar\/index.php?rest_route=%2Fwp%2Fv2%2Fmedia&parent=28469"}],"wp:term":[{"taxonomy":"category","embeddable":true,"href":"https:\/\/partediario.com.ar\/index.php?rest_route=%2Fwp%2Fv2%2Fcategories&post=28469"},{"taxonomy":"post_tag","embeddable":true,"href":"https:\/\/partediario.com.ar\/index.php?rest_route=%2Fwp%2Fv2%2Ftags&post=28469"}],"curies":[{"name":"wp","href":"https:\/\/api.w.org\/{rel}","templated":true}]}}