{"id":28475,"date":"2025-09-01T17:42:25","date_gmt":"2025-09-01T20:42:25","guid":{"rendered":"https:\/\/partediario.com.ar\/?p=28475"},"modified":"2025-09-02T19:22:45","modified_gmt":"2025-09-02T22:22:45","slug":"arraso-vamos-corrientes-dominio-legislativo-y-territorial-en-la-provincia","status":"publish","type":"post","link":"https:\/\/partediario.com.ar\/?p=28475","title":{"rendered":"Arras\u00f3 Vamos Corrientes: dominio legislativo y territorial en la provincia"},"content":{"rendered":"\n<h2 class=\"wp-block-heading\">La agrupaci\u00f3n \u00abVamos Corrientes\u00bb, liderada por el actual gobernador Gustavo Vald\u00e9s, ha logrado un triunfo arrollador en las recientes elecciones provinciales, consolidando su control en el 90% de las intendencias y obteniendo mayor\u00edas tanto en la C\u00e1mara de Diputados como en el Senado. Este resultado permitir\u00e1 a la alianza gobernar en 68 de las 73 municipalidades de Corrientes, incluyendo la ciudad capital.<\/h2>\n\n\n\n<p>En un contexto electoral marcado por una alta concurrencia, \u00abVamos Corrientes\u00bb, se impuso de manera contundente en diversas localidades, logrando incluso desbancar al peronismo en municipios emblem\u00e1ticos. Entre los m\u00e1s destacados se encuentra la victoria en Patria de los Libres, donde el candidato oficialista Miguel Arias derrot\u00f3 al intendente saliente Mart\u00edn Ascua con un 47% de los votos. La derrota del peronismo en este basti\u00f3n refleja un cambio significativo en el panorama pol\u00edtico provincial.<\/p>\n\n\n\n<p>Otro dato relevante es la victoria en Mercedes, donde V\u00edctor Cemborain, postulado por el oficialismo, alcanz\u00f3 un 43,19% de los votos, superando al peronista Roberto \u201cCaly\u201d S\u00e1nchez, quien obtuvo apenas el 24%. Adem\u00e1s, en Ituzaing\u00f3, ciudad natal del gobernador electo Juan Manuel Vald\u00e9s, el oficialismo arras\u00f3 con un 68% de los votos, dando cuenta de un respaldo popular robusto en la regi\u00f3n.<\/p>\n\n\n\n<p>El resultado en la capital provincial es emblem\u00e1tico: Claudio Polich, el candidato de Vamos Corrientes, se qued\u00f3 con el 48,24% de los votos, muy por encima de los contendientes de la oposici\u00f3n, German Braillard-Poccard y Dani Flores, que cosecharon un 18,80%, y de la Libertad Avanza, que alcanz\u00f3 un 14,18%. Este triunfo en la ciudad Capital es un indicador claro del apoyo ciudadano hacia la gesti\u00f3n de Vald\u00e9s y la propuesta pol\u00edtica de su agrupaci\u00f3n.<\/p>\n\n\n\n<p>El dominio de Vamos Corrientes tambi\u00e9n se refleja en el \u00e1mbito legislativo. En la C\u00e1mara de Diputados, la alianza obtuvo el 52,74% de los votos, lo que se traduce en 18 de las 30 bancas disponibles tras haber ganado 9 de las 15 en juego. Con esta configuraci\u00f3n, el oficialismo no solo logra qu\u00f3rum propio sino que se acerca a los dos tercios necesarios para llevar a cabo reformas significativas.<\/p>\n\n\n\n<p>En el Senado, la situaci\u00f3n es igualmente favorable para el oficialismo, que logr\u00f3 tres de las cinco bancas en disputa y contar\u00e1 as\u00ed con 12 de las 15 integrantes de este cuerpo legislativo. Esta mayor\u00eda le otorga una posici\u00f3n privilegiada para impulsar su agenda pol\u00edtica en el \u00e1mbito provincial.<\/p>\n\n\n\n<p>Uno de los aspectos destacados de estas elecciones es la posible candidatura de Gustavo Vald\u00e9s al Senado provincial, lo que podr\u00eda convertirlo en presidente provisional del cuerpo legislativo. Su ascenso a esta posici\u00f3n ser\u00eda un refuerzo a\u00fan mayor del poder de la agrupaci\u00f3n en Corrientes.<\/p>\n\n\n\n<p>A nivel general, la oposici\u00f3n, representada principalmente por Limpiar Corrientes y Encuentro por Corrientes, no logr\u00f3 traccionar votos significativos para cuestionar el dominio de Vamos Corrientes. Limpiar Corrientes se qued\u00f3 con un 18,17% de los votos, logrando tres bancas en Diputados, mientras que Encuentro por Corrientes obtuvo el 15,23%, con dos representantes en el recinto legislativo. La Libertad Avanza, aunque logr\u00f3 un esca\u00f1o, no tuvo la repercusi\u00f3n esperada en la elecci\u00f3n.<\/p>\n\n\n\n<p>El triunfo de Vamos Corrientes en estas elecciones marca un hito importante en la pol\u00edtica provincial, consolidando una hegemon\u00eda que no solo se refleja en el n\u00famero de intendencias controladas, sino tambi\u00e9n en la capacidad de legislar y gobernar con autoridad en las C\u00e1maras de Diputados y del Senado.<\/p>\n","protected":false},"excerpt":{"rendered":"<p>La agrupaci&oacute;n &laquo;Vamos Corrientes&raquo;, liderada por el actual gobernador Gustavo Vald&eacute;s, ha logrado un triunfo arrollador en las recientes elecciones provinciales, consolidando su control en el 90% de las intendencias y obteniendo mayor&iacute;as tanto en la C&aacute;mara de Diputados como en el Senado. Este resultado permitir&aacute; a la alianza gobernar en 68 de las 73 [&hellip;]<\/p>\n","protected":false},"author":2,"featured_media":28476,"comment_status":"closed","ping_status":"closed","sticky":false,"template":"","format":"standard","meta":{"footnotes":""},"categories":[176,8],"tags":[6674,932,6672,2148,6673],"class_list":["post-28475","post","type-post","status-publish","format-standard","has-post-thumbnail","hentry","category-politica","category-provinciales","tag-caamara","tag-gustavo-valdes","tag-juan-pablo-valdes","tag-triunfo","tag-vamos-corrientes"],"_links":{"self":[{"href":"https:\/\/partediario.com.ar\/index.php?rest_route=\/wp\/v2\/posts\/28475","targetHints":{"allow":["GET"]}}],"collection":[{"href":"https:\/\/partediario.com.ar\/index.php?rest_route=\/wp\/v2\/posts"}],"about":[{"href":"https:\/\/partediario.com.ar\/index.php?rest_route=\/wp\/v2\/types\/post"}],"author":[{"embeddable":true,"href":"https:\/\/partediario.com.ar\/index.php?rest_route=\/wp\/v2\/users\/2"}],"replies":[{"embeddable":true,"href":"https:\/\/partediario.com.ar\/index.php?rest_route=%2Fwp%2Fv2%2Fcomments&post=28475"}],"version-history":[{"count":1,"href":"https:\/\/partediario.com.ar\/index.php?rest_route=\/wp\/v2\/posts\/28475\/revisions"}],"predecessor-version":[{"id":28477,"href":"https:\/\/partediario.com.ar\/index.php?rest_route=\/wp\/v2\/posts\/28475\/revisions\/28477"}],"wp:featuredmedia":[{"embeddable":true,"href":"https:\/\/partediario.com.ar\/index.php?rest_route=\/wp\/v2\/media\/28476"}],"wp:attachment":[{"href":"https:\/\/partediario.com.ar\/index.php?rest_route=%2Fwp%2Fv2%2Fmedia&parent=28475"}],"wp:term":[{"taxonomy":"category","embeddable":true,"href":"https:\/\/partediario.com.ar\/index.php?rest_route=%2Fwp%2Fv2%2Fcategories&post=28475"},{"taxonomy":"post_tag","embeddable":true,"href":"https:\/\/partediario.com.ar\/index.php?rest_route=%2Fwp%2Fv2%2Ftags&post=28475"}],"curies":[{"name":"wp","href":"https:\/\/api.w.org\/{rel}","templated":true}]}}