{"id":28478,"date":"2025-09-01T17:50:07","date_gmt":"2025-09-01T20:50:07","guid":{"rendered":"https:\/\/partediario.com.ar\/?p=28478"},"modified":"2025-09-02T19:22:35","modified_gmt":"2025-09-02T22:22:35","slug":"liberaron-al-secretario-general-de-ate-en-cordoba-y-se-levanto-el-paro-previsto-para-manana","status":"publish","type":"post","link":"https:\/\/partediario.com.ar\/?p=28478","title":{"rendered":"Liberaron al Secretario General de ATE en C\u00f3rdoba y se levant\u00f3 el paro previsto para ma\u00f1ana"},"content":{"rendered":"\n<h2 class=\"wp-block-heading\">La Asociaci\u00f3n de Trabajadores del Estado (ATE), confirm\u00f3 la liberaci\u00f3n del secretario general de ATE en C\u00f3rdoba, Federico Giuliani, y levant\u00f3 el paro nacional que iba a tener lugar ma\u00f1ana.<\/h2>\n\n\n\n<p>\u00ab\u00a1Triunf\u00f3 la lucha de todos los estatales!\u00bb, expres\u00f3 el secretario general del gremio, Rodolfo Aguiar, en sus redes sociales, donde adem\u00e1s agradeci\u00f3 \u00abal pa\u00eds que se moviliz\u00f3\u00bb.<\/p>\n\n\n\n<p><\/p>\n\n\n\n<blockquote class=\"twitter-tweet\"><p lang=\"es\" dir=\"ltr\">\u00daLTIMO MOMENTO!!<br>LIBERARON AL SECRETARIO GENERAL DE ATE C\u00d3RDOBA, FEDERICO GIULIANI!!<br><br>ATE LEVANTA EL PARO NACIONAL DE MA\u00d1ANA!! <br><br>Triunf\u00f3 la lucha de todos los estatales! Tenemos que agradecer al pa\u00eds que se moviliz\u00f3. Vamos a dejar sin efecto la medida de fuerza nacional que\u2026 <a href=\"https:\/\/t.co\/gOtKyLLtCY\">pic.twitter.com\/gOtKyLLtCY<\/a><\/p>&mdash; Rodolfo Aguiar (@rodoaguiar) <a href=\"https:\/\/twitter.com\/rodoaguiar\/status\/1962568789792342507?ref_src=twsrc%5Etfw\">September 1, 2025<\/a><\/blockquote> <script async src=\"https:\/\/platform.twitter.com\/widgets.js\" charset=\"utf-8\"><\/script>\n\n\n\n<p><\/p>\n\n\n\n<p>\u00abVamos a seguir enfrentando la criminalizaci\u00f3n de la protesta social de Javier Milei, Mart\u00edn Llaryora y en todo el pa\u00eds\u00bb, apunt\u00f3 Aguiar.<\/p>\n\n\n\n<p>El pasado jueves, Giuliani fue arrestado junto a otros 14 dirigentes por protestar el reclamo de alimentos y exigir ayuda social para los sectores m\u00e1s postergados, frente a la Secretar\u00eda de Pol\u00edticas Sociales y Desarrollo Humano de la capital cordobesa.<\/p>\n\n\n\n<p>Sobre la detenci\u00f3n, Aguiar se\u00f1al\u00f3 que qued\u00f3 demostrada la \u00ababerraci\u00f3n jur\u00eddica\u00bb que \u00ables toc\u00f3 enfrentar por estos d\u00edas\u00bb. Y agreg\u00f3 que el Juzgado de Contr\u00f3l cordob\u00e9s \u00abfue el que advirti\u00f3 que la detenci\u00f3n era irrazonable y arbitraria\u00bb.<\/p>\n\n\n\n<p>Sobre la medida de fuerza que iba a tener lugar ma\u00f1ana a nivel nacional, desde ATE precisaron que la misma queda \u00absin efecto\u00bb.<\/p>\n\n\n\n<p>\u00abNos quieren disciplinar, nos quieren mansos y obedientes pero no van a poder. Los vamos a seguir confrontando. En el Estado queremos salarios dignos y estabilidad laboral para todos. Hasta que eso no suceda, no vamos a parar de pelear\u00bb, finaliz\u00f3 Aguiar.<\/p>\n","protected":false},"excerpt":{"rendered":"<p>La Asociaci&oacute;n de Trabajadores del Estado (ATE), confirm&oacute; la liberaci&oacute;n del secretario general de ATE en C&oacute;rdoba, Federico Giuliani, y levant&oacute; el paro nacional que iba a tener lugar ma&ntilde;ana. &laquo;&iexcl;Triunf&oacute; la lucha de todos los estatales!&raquo;, expres&oacute; el secretario general del gremio, Rodolfo Aguiar, en sus redes sociales, donde adem&aacute;s agradeci&oacute; &laquo;al pa&iacute;s que [&hellip;]<\/p>\n","protected":false},"author":2,"featured_media":28479,"comment_status":"closed","ping_status":"closed","sticky":false,"template":"","format":"standard","meta":{"footnotes":""},"categories":[978,5,176],"tags":[219,303,6675,1820,3979,1279,5031],"class_list":["post-28478","post","type-post","status-publish","format-standard","has-post-thumbnail","hentry","category-gremiales","category-nacionales","category-politica","tag-ate","tag-cordoba","tag-federico-giuliani","tag-general","tag-liberaron","tag-rodolfo-aguiar","tag-secretario"],"_links":{"self":[{"href":"https:\/\/partediario.com.ar\/index.php?rest_route=\/wp\/v2\/posts\/28478","targetHints":{"allow":["GET"]}}],"collection":[{"href":"https:\/\/partediario.com.ar\/index.php?rest_route=\/wp\/v2\/posts"}],"about":[{"href":"https:\/\/partediario.com.ar\/index.php?rest_route=\/wp\/v2\/types\/post"}],"author":[{"embeddable":true,"href":"https:\/\/partediario.com.ar\/index.php?rest_route=\/wp\/v2\/users\/2"}],"replies":[{"embeddable":true,"href":"https:\/\/partediario.com.ar\/index.php?rest_route=%2Fwp%2Fv2%2Fcomments&post=28478"}],"version-history":[{"count":1,"href":"https:\/\/partediario.com.ar\/index.php?rest_route=\/wp\/v2\/posts\/28478\/revisions"}],"predecessor-version":[{"id":28480,"href":"https:\/\/partediario.com.ar\/index.php?rest_route=\/wp\/v2\/posts\/28478\/revisions\/28480"}],"wp:featuredmedia":[{"embeddable":true,"href":"https:\/\/partediario.com.ar\/index.php?rest_route=\/wp\/v2\/media\/28479"}],"wp:attachment":[{"href":"https:\/\/partediario.com.ar\/index.php?rest_route=%2Fwp%2Fv2%2Fmedia&parent=28478"}],"wp:term":[{"taxonomy":"category","embeddable":true,"href":"https:\/\/partediario.com.ar\/index.php?rest_route=%2Fwp%2Fv2%2Fcategories&post=28478"},{"taxonomy":"post_tag","embeddable":true,"href":"https:\/\/partediario.com.ar\/index.php?rest_route=%2Fwp%2Fv2%2Ftags&post=28478"}],"curies":[{"name":"wp","href":"https:\/\/api.w.org\/{rel}","templated":true}]}}