{"id":28486,"date":"2025-09-01T18:13:21","date_gmt":"2025-09-01T21:13:21","guid":{"rendered":"https:\/\/partediario.com.ar\/?p=28486"},"modified":"2025-09-02T19:22:05","modified_gmt":"2025-09-02T22:22:05","slug":"bullrich-apunto-contra-quienes-filtraron-los-audios-de-karina-milei-no-son-periodistas-es-la-mafia-senalo","status":"publish","type":"post","link":"https:\/\/partediario.com.ar\/?p=28486","title":{"rendered":"Bullrich apunt\u00f3 contra quienes filtraron los audios de Karina Milei: \u00abNo son periodistas, es la mafia\u00bb, se\u00f1al\u00f3"},"content":{"rendered":"\n<h2 class=\"wp-block-heading\">La ministra de Seguridad, Patricia Bullrich, lanz\u00f3 una fuerte ofensiva contra los responsables de filtrar los audios de Karina Milei, afirmando que \u00abno son periodistas\u00bb sino parte de una \u00abmafia\u00bb que busca desestabilizar al Gobierno.<\/h2>\n\n\n\n<p>En una entrevista con el periodista Jonatan Viale por Radio Rivadavia, Bullrich indic\u00f3 por qu\u00e9, a su criterio, la difusi\u00f3n del material no es un acto period\u00edstico. \u00abUn periodista, si recibe un audio, primero habla con la fuente. Pero si dice: \u2018Lo voy a pasar 60 d\u00edas seguidos\u2019, est\u00e1 siendo parte de un intento de desestabilizaci\u00f3n\u00bb, destac\u00f3 la ministra.<\/p>\n\n\n\n<p>Bullrich delimit\u00f3 el episodio dentro de una \u00aboperaci\u00f3n de inteligencia ilegal\u00bb con fines desestabilizadores. \u00abNo podemos ser ingenuos. Todo esto pasa mientras intentan mover la econom\u00eda, subir el d\u00f3lar, paralizar el Congreso\u00bb, asegur\u00f3, y vincul\u00f3 los \u00abataques con audios\u00bb a los \u00abataques con piedras\u00bb que sufre el oficialismo.<\/p>\n\n\n\n<p>El periodista Jorge Rial, cuyo programa en C5N y su canal de streaming han sido centrales en la difusi\u00f3n de los esc\u00e1ndalos, recogi\u00f3 el guante y le contest\u00f3 directamente a trav\u00e9s de sus redes sociales. Acus\u00f3 al gobierno de Javier Milei de ir \u00abdirecto contra la libertad de prensa y expresi\u00f3n\u00bb y calific\u00f3 la denuncia oficial como una \u00abintolerable amenaza\u00bb.<\/p>\n\n\n\n<p>Rial desestim\u00f3 la teor\u00eda de una conspiraci\u00f3n y afirm\u00f3 que las filtraciones no son m\u00e1s que el reflejo de la \u00abpropia interna\u00bb del Gobierno. Lejos de retroceder, advirti\u00f3 que es \u00abimparable dar a conocer c\u00f3mo se rapi\u00f1an el dinero del estado\u00bb y finaliz\u00f3: \u00abHacemos Periodismo y eso nos hace peligrosos para los que no creen en la democracia\u00bb.<\/p>\n","protected":false},"excerpt":{"rendered":"<p>La ministra de Seguridad, Patricia Bullrich, lanz&oacute; una fuerte ofensiva contra los responsables de filtrar los audios de Karina Milei, afirmando que &laquo;no son periodistas&raquo; sino parte de una &laquo;mafia&raquo; que busca desestabilizar al Gobierno. En una entrevista con el periodista Jonatan Viale por Radio Rivadavia, Bullrich indic&oacute; por qu&eacute;, a su criterio, la difusi&oacute;n [&hellip;]<\/p>\n","protected":false},"author":2,"featured_media":28487,"comment_status":"closed","ping_status":"closed","sticky":false,"template":"","format":"standard","meta":{"footnotes":""},"categories":[5,176],"tags":[6679,2183,6681,6680,5059,263,510],"class_list":["post-28486","post","type-post","status-publish","format-standard","has-post-thumbnail","hentry","category-nacionales","category-politica","tag-apunta","tag-audios","tag-c5n","tag-filtracion","tag-jorge-rial","tag-karina-milei","tag-patricia-bullrich"],"_links":{"self":[{"href":"https:\/\/partediario.com.ar\/index.php?rest_route=\/wp\/v2\/posts\/28486","targetHints":{"allow":["GET"]}}],"collection":[{"href":"https:\/\/partediario.com.ar\/index.php?rest_route=\/wp\/v2\/posts"}],"about":[{"href":"https:\/\/partediario.com.ar\/index.php?rest_route=\/wp\/v2\/types\/post"}],"author":[{"embeddable":true,"href":"https:\/\/partediario.com.ar\/index.php?rest_route=\/wp\/v2\/users\/2"}],"replies":[{"embeddable":true,"href":"https:\/\/partediario.com.ar\/index.php?rest_route=%2Fwp%2Fv2%2Fcomments&post=28486"}],"version-history":[{"count":1,"href":"https:\/\/partediario.com.ar\/index.php?rest_route=\/wp\/v2\/posts\/28486\/revisions"}],"predecessor-version":[{"id":28488,"href":"https:\/\/partediario.com.ar\/index.php?rest_route=\/wp\/v2\/posts\/28486\/revisions\/28488"}],"wp:featuredmedia":[{"embeddable":true,"href":"https:\/\/partediario.com.ar\/index.php?rest_route=\/wp\/v2\/media\/28487"}],"wp:attachment":[{"href":"https:\/\/partediario.com.ar\/index.php?rest_route=%2Fwp%2Fv2%2Fmedia&parent=28486"}],"wp:term":[{"taxonomy":"category","embeddable":true,"href":"https:\/\/partediario.com.ar\/index.php?rest_route=%2Fwp%2Fv2%2Fcategories&post=28486"},{"taxonomy":"post_tag","embeddable":true,"href":"https:\/\/partediario.com.ar\/index.php?rest_route=%2Fwp%2Fv2%2Ftags&post=28486"}],"curies":[{"name":"wp","href":"https:\/\/api.w.org\/{rel}","templated":true}]}}