{"id":2849,"date":"2024-06-18T22:50:05","date_gmt":"2024-06-19T01:50:05","guid":{"rendered":"https:\/\/partediario.com.ar\/?p=2849"},"modified":"2024-06-18T22:50:10","modified_gmt":"2024-06-19T01:50:10","slug":"vidal-se-presentara-en-parana-para-disertar-sobre-educacion","status":"publish","type":"post","link":"https:\/\/partediario.com.ar\/?p=2849","title":{"rendered":"Vidal se presentar\u00e1 en Paran\u00e1 para disertar sobre educaci\u00f3n"},"content":{"rendered":"\n<p><strong>Mar\u00eda Eugenia Vidal ser\u00e1 parte de una panel en conjunto con autoridades de Uader y del gobierno provincial. El evento se realizar\u00e1 este mi\u00e9rcoles a las 16.<\/strong><\/p>\n\n\n\n<p>La diputada nacional Mar\u00eda Eugenia Vidal (PRO-Juntos por el Cambio) estar\u00e1 en Paran\u00e1 este mi\u00e9rcoles, disertando sobre educaci\u00f3n en un panel en conjunto con autoridades del gobierno de Rogelio Frigerio. La actividad se iniciar\u00e1 a las 16 en el Consejo General de Educaci\u00f3n (CGE).<\/p>\n\n\n\n<p>La exgobernadora de Buenos Aires ser\u00e1 parte del panel \u00abAlfabetizaci\u00f3n y Educaci\u00f3n Alimentaria. Prioridades en el presente y futuro\u00bb, que se llevar\u00e1 adelante en el Sal\u00f3n de Eventos del CGE.<\/p>\n\n\n\n<p>En el panel estar\u00e1n adem\u00e1s el decano de la Facultad de Ciencias de la Gesti\u00f3n (CFG) de la Universidad Aut\u00f3noma de Entre R\u00edos (Uader), Carlos Cuenca; la presidenta del CGE, Alicia Fregonese; la ministra de Desarrollo Humano, Ver\u00f3nica Berisso y el secretario de Modernizaci\u00f3n, Emanuel Gainza.<\/p>\n","protected":false},"excerpt":{"rendered":"<p>Mar&iacute;a Eugenia Vidal ser&aacute; parte de una panel en conjunto con autoridades de Uader y del gobierno provincial. El evento se realizar&aacute; este mi&eacute;rcoles a las 16. La diputada nacional Mar&iacute;a Eugenia Vidal (PRO-Juntos por el Cambio) estar&aacute; en Paran&aacute; este mi&eacute;rcoles, disertando sobre educaci&oacute;n en un panel en conjunto con autoridades del gobierno de [&hellip;]<\/p>\n","protected":false},"author":2,"featured_media":2850,"comment_status":"open","ping_status":"open","sticky":false,"template":"","format":"standard","meta":{"footnotes":""},"categories":[6,176],"tags":[495,601,494,602,257,599,265,245,600,240],"class_list":["post-2849","post","type-post","status-publish","format-standard","has-post-thumbnail","hentry","category-locales","category-politica","tag-alicia-fregonese","tag-carlos-cuenca","tag-cge","tag-emanuel-gainza","tag-entre-rios","tag-maria-eugenia-vidal","tag-parana","tag-rogelio-frigerio","tag-uader","tag-veronica-berisso"],"_links":{"self":[{"href":"https:\/\/partediario.com.ar\/index.php?rest_route=\/wp\/v2\/posts\/2849","targetHints":{"allow":["GET"]}}],"collection":[{"href":"https:\/\/partediario.com.ar\/index.php?rest_route=\/wp\/v2\/posts"}],"about":[{"href":"https:\/\/partediario.com.ar\/index.php?rest_route=\/wp\/v2\/types\/post"}],"author":[{"embeddable":true,"href":"https:\/\/partediario.com.ar\/index.php?rest_route=\/wp\/v2\/users\/2"}],"replies":[{"embeddable":true,"href":"https:\/\/partediario.com.ar\/index.php?rest_route=%2Fwp%2Fv2%2Fcomments&post=2849"}],"version-history":[{"count":1,"href":"https:\/\/partediario.com.ar\/index.php?rest_route=\/wp\/v2\/posts\/2849\/revisions"}],"predecessor-version":[{"id":2851,"href":"https:\/\/partediario.com.ar\/index.php?rest_route=\/wp\/v2\/posts\/2849\/revisions\/2851"}],"wp:featuredmedia":[{"embeddable":true,"href":"https:\/\/partediario.com.ar\/index.php?rest_route=\/wp\/v2\/media\/2850"}],"wp:attachment":[{"href":"https:\/\/partediario.com.ar\/index.php?rest_route=%2Fwp%2Fv2%2Fmedia&parent=2849"}],"wp:term":[{"taxonomy":"category","embeddable":true,"href":"https:\/\/partediario.com.ar\/index.php?rest_route=%2Fwp%2Fv2%2Fcategories&post=2849"},{"taxonomy":"post_tag","embeddable":true,"href":"https:\/\/partediario.com.ar\/index.php?rest_route=%2Fwp%2Fv2%2Ftags&post=2849"}],"curies":[{"name":"wp","href":"https:\/\/api.w.org\/{rel}","templated":true}]}}