{"id":28499,"date":"2025-09-02T19:02:03","date_gmt":"2025-09-02T22:02:03","guid":{"rendered":"https:\/\/partediario.com.ar\/?p=28499"},"modified":"2025-09-03T20:23:34","modified_gmt":"2025-09-03T23:23:34","slug":"mensaje-para-milei-la-vas-a-chocar-mal-quemaste-los-libritos-de-la-escuela-austriaca-senalo-cristina","status":"publish","type":"post","link":"https:\/\/partediario.com.ar\/?p=28499","title":{"rendered":"Mensaje para Milei: \u00ab\u00a1La vas a chocar mal! Quemaste los libritos de la escuela austr\u00edaca\u00bb, se\u00f1al\u00f3 Cristina"},"content":{"rendered":"\n<h2 class=\"wp-block-heading\">La expresidenta Cristina Fern\u00e1ndez de Kirchner reapareci\u00f3 este martes en la escena p\u00fablica con un fuerte posteo en sus redes sociales dirigida al presidente Javier Milei, en la que critic\u00f3 duramente la intervenci\u00f3n del Gobierno en el mercado cambiario, repas\u00f3 los desequilibrios de la econom\u00eda y le advirti\u00f3: \u00ab\u00a1La vas a chocar mal!\u00bb.<\/h2>\n\n\n\n<p>La ex presidente afirm\u00f3 que el \u00abverdadero problema\u00bb de la econom\u00eda es el bimonetarismo y el endeudamiento, y sentenci\u00f3 que la gesti\u00f3n libertaria se est\u00e1 quedando \u00abSIN PESOS Y SIN D\u00d3LARES\u00bb. Sobre la reciente intervenci\u00f3n del Banco Central, ironiz\u00f3: \u00abterminaste de quemar los libritos de la escuela Austr\u00edaca\u00bb.<\/p>\n\n\n\n<p>En el inicio de su mensaje, Kirchner hizo una referencia directa al esc\u00e1ndalo de corrupci\u00f3n que golpea al oficialismo. \u00ab\u00a1Ay Milei!\u2026 Qu\u00e9 quilombo se te arm\u00f3\u2026 Y no te lo digo por la coima de tu hermana, sino por lo cambiario y monetario\u00bb, dispar\u00f3.<\/p>\n\n\n\n<p>La expresidenta agreg\u00f3 fuertes cr\u00edticas personales y met\u00e1foras para cuestionar al jefe de Estado. \u00abAhora entiendo por qu\u00e9 no llegaste a ser arquero en primera: te tiran un colch\u00f3n y no lo ataj\u00e1s\u00bb, poste\u00f3, y a\u00f1adi\u00f3: \u00ab\u00bfViste que como panelista en la tele es mucho m\u00e1s f\u00e1cil que como presidente en la Rosada?\u00bb.<\/p>\n\n\n\n<p>Finalmente, en una posdata, record\u00f3 que el pr\u00f3ximo 11 de septiembre se cumplen 16 a\u00f1os de la ley de su autor\u00eda que elimin\u00f3 el delito de calumnias e injurias para la prensa, en una clara alusi\u00f3n a las tensiones actuales entre el Gobierno y algunos medios. \u00abImaginen si estuviera vigente hoy. \u00a1De nada\u2026 queridos amigos y amigas!\u00bb, finaliz\u00f3.<\/p>\n","protected":false},"excerpt":{"rendered":"<p>La expresidenta Cristina Fern&aacute;ndez de Kirchner reapareci&oacute; este martes en la escena p&uacute;blica con un fuerte posteo en sus redes sociales dirigida al presidente Javier Milei, en la que critic&oacute; duramente la intervenci&oacute;n del Gobierno en el mercado cambiario, repas&oacute; los desequilibrios de la econom&iacute;a y le advirti&oacute;: &laquo;&iexcl;La vas a chocar mal!&raquo;. La ex [&hellip;]<\/p>\n","protected":false},"author":2,"featured_media":28500,"comment_status":"closed","ping_status":"closed","sticky":false,"template":"","format":"standard","meta":{"footnotes":""},"categories":[5,176],"tags":[1256,518,232],"class_list":["post-28499","post","type-post","status-publish","format-standard","has-post-thumbnail","hentry","category-nacionales","category-politica","tag-bcra","tag-cristina-kirchner","tag-javier-milei"],"_links":{"self":[{"href":"https:\/\/partediario.com.ar\/index.php?rest_route=\/wp\/v2\/posts\/28499","targetHints":{"allow":["GET"]}}],"collection":[{"href":"https:\/\/partediario.com.ar\/index.php?rest_route=\/wp\/v2\/posts"}],"about":[{"href":"https:\/\/partediario.com.ar\/index.php?rest_route=\/wp\/v2\/types\/post"}],"author":[{"embeddable":true,"href":"https:\/\/partediario.com.ar\/index.php?rest_route=\/wp\/v2\/users\/2"}],"replies":[{"embeddable":true,"href":"https:\/\/partediario.com.ar\/index.php?rest_route=%2Fwp%2Fv2%2Fcomments&post=28499"}],"version-history":[{"count":1,"href":"https:\/\/partediario.com.ar\/index.php?rest_route=\/wp\/v2\/posts\/28499\/revisions"}],"predecessor-version":[{"id":28501,"href":"https:\/\/partediario.com.ar\/index.php?rest_route=\/wp\/v2\/posts\/28499\/revisions\/28501"}],"wp:featuredmedia":[{"embeddable":true,"href":"https:\/\/partediario.com.ar\/index.php?rest_route=\/wp\/v2\/media\/28500"}],"wp:attachment":[{"href":"https:\/\/partediario.com.ar\/index.php?rest_route=%2Fwp%2Fv2%2Fmedia&parent=28499"}],"wp:term":[{"taxonomy":"category","embeddable":true,"href":"https:\/\/partediario.com.ar\/index.php?rest_route=%2Fwp%2Fv2%2Fcategories&post=28499"},{"taxonomy":"post_tag","embeddable":true,"href":"https:\/\/partediario.com.ar\/index.php?rest_route=%2Fwp%2Fv2%2Ftags&post=28499"}],"curies":[{"name":"wp","href":"https:\/\/api.w.org\/{rel}","templated":true}]}}