{"id":28512,"date":"2025-09-03T19:45:18","date_gmt":"2025-09-03T22:45:18","guid":{"rendered":"https:\/\/partediario.com.ar\/?p=28512"},"modified":"2025-09-04T18:23:52","modified_gmt":"2025-09-04T21:23:52","slug":"kicillof-cierra-la-campana-de-fuerza-patria-con-actos-en-secciones-clave-y-una-mateada-sera-manana-en-la-plata","status":"publish","type":"post","link":"https:\/\/partediario.com.ar\/?p=28512","title":{"rendered":"Kicillof cierra la campa\u00f1a de Fuerza Patria con actos en secciones clave y una \u201cmateada\u201d, ser\u00e1 ma\u00f1ana en La Plata"},"content":{"rendered":"\n<h2 class=\"wp-block-heading\">El gobernador bonaerense, Axel Kicillof, cerrar\u00e1 ma\u00f1ana la campa\u00f1a de Fuerza Patria con visitas a Merlo y Lomas de Zamora, por la tarde retomar\u00e1 una vieja estrategia proselitista al encabezar una charla y \u201cmateada\u201d con vecinos en La Plata.<\/h2>\n\n\n\n<p>El evento en La Plata ser\u00e1 a partir de las 17 en la Plaza Malvinas Argentinas, con la participaci\u00f3n del intendente local, Julio Alak, militantes y vecinos platenses.<\/p>\n\n\n\n<p>Tambi\u00e9n se aguarda la presencia de los candidatos de la alianza peronista que corresponden a ese distrito: Ariel Anchaco, camporista que encabeza la lista de Fuerza Patria en la Octava Secci\u00f3n; Lucia I\u00e1\u00f1ez, cercana a la fuerza pol\u00edtica del gobernador, y el massista Juan Malpeli, entre otros.<\/p>\n\n\n\n<p>Previamente, Kicillof recorrer\u00e1 Merlo y Lomas de Zamora, dos municipios importantes en el marco de la campa\u00f1a por su peso en materia de electores.<\/p>\n\n\n\n<p>En tierras del intendente Gustavo Men\u00e9ndez participar\u00e1 de la 7\u00b0 Edici\u00f3n de la Expo de la Industria y la Producci\u00f3n \u201cHecho en Merlo, Hecho con orgullo\u201d.<\/p>\n\n\n\n<p>Y en Lomas de Zamora, junto al jefe comunal Federico Oterm\u00edn, visitar\u00e1 una escuela especial y compartir\u00e1 una charla con la comunidad educativa de ese distrito.<\/p>\n\n\n\n<p>Kicillof hab\u00eda encabezado ayer un acto de cierre en la Primera Secci\u00f3n en el Centro Miguelete de San Mart\u00edn, donde volvi\u00f3 a criticar el modelo de la \u201cmotosierra\u201d de Javier Milei y llam\u00f3 a votar por Fuerza Patria.<\/p>\n\n\n\n<p><\/p>\n\n\n\n<figure class=\"wp-block-image size-full\"><img loading=\"lazy\" decoding=\"async\" width=\"726\" height=\"720\" src=\"https:\/\/partediario.com.ar\/wp-content\/uploads\/Kicillof-Cierre-Campana.webp\" alt=\"\" class=\"wp-image-28514\" srcset=\"https:\/\/partediario.com.ar\/wp-content\/uploads\/Kicillof-Cierre-Campana.webp 726w, https:\/\/partediario.com.ar\/wp-content\/uploads\/Kicillof-Cierre-Campana-300x298.webp 300w, https:\/\/partediario.com.ar\/wp-content\/uploads\/Kicillof-Cierre-Campana-150x150.webp 150w\" sizes=\"auto, (max-width: 726px) 100vw, 726px\" \/><\/figure>\n\n\n\n<p><\/p>\n\n\n\n<p><\/p>\n","protected":false},"excerpt":{"rendered":"<p>El gobernador bonaerense, Axel Kicillof, cerrar&aacute; ma&ntilde;ana la campa&ntilde;a de Fuerza Patria con visitas a Merlo y Lomas de Zamora, por la tarde retomar&aacute; una vieja estrategia proselitista al encabezar una charla y &ldquo;mateada&rdquo; con vecinos en La Plata. El evento en La Plata ser&aacute; a partir de las 17 en la Plaza Malvinas Argentinas, [&hellip;]<\/p>\n","protected":false},"author":2,"featured_media":28513,"comment_status":"closed","ping_status":"closed","sticky":false,"template":"","format":"standard","meta":{"footnotes":""},"categories":[5,176],"tags":[1112,705,1379,2929],"class_list":["post-28512","post","type-post","status-publish","format-standard","has-post-thumbnail","hentry","category-nacionales","category-politica","tag-axel-kicillof","tag-campana","tag-cierre","tag-la-plata"],"_links":{"self":[{"href":"https:\/\/partediario.com.ar\/index.php?rest_route=\/wp\/v2\/posts\/28512","targetHints":{"allow":["GET"]}}],"collection":[{"href":"https:\/\/partediario.com.ar\/index.php?rest_route=\/wp\/v2\/posts"}],"about":[{"href":"https:\/\/partediario.com.ar\/index.php?rest_route=\/wp\/v2\/types\/post"}],"author":[{"embeddable":true,"href":"https:\/\/partediario.com.ar\/index.php?rest_route=\/wp\/v2\/users\/2"}],"replies":[{"embeddable":true,"href":"https:\/\/partediario.com.ar\/index.php?rest_route=%2Fwp%2Fv2%2Fcomments&post=28512"}],"version-history":[{"count":1,"href":"https:\/\/partediario.com.ar\/index.php?rest_route=\/wp\/v2\/posts\/28512\/revisions"}],"predecessor-version":[{"id":28515,"href":"https:\/\/partediario.com.ar\/index.php?rest_route=\/wp\/v2\/posts\/28512\/revisions\/28515"}],"wp:featuredmedia":[{"embeddable":true,"href":"https:\/\/partediario.com.ar\/index.php?rest_route=\/wp\/v2\/media\/28513"}],"wp:attachment":[{"href":"https:\/\/partediario.com.ar\/index.php?rest_route=%2Fwp%2Fv2%2Fmedia&parent=28512"}],"wp:term":[{"taxonomy":"category","embeddable":true,"href":"https:\/\/partediario.com.ar\/index.php?rest_route=%2Fwp%2Fv2%2Fcategories&post=28512"},{"taxonomy":"post_tag","embeddable":true,"href":"https:\/\/partediario.com.ar\/index.php?rest_route=%2Fwp%2Fv2%2Ftags&post=28512"}],"curies":[{"name":"wp","href":"https:\/\/api.w.org\/{rel}","templated":true}]}}