{"id":28519,"date":"2025-09-03T19:57:30","date_gmt":"2025-09-03T22:57:30","guid":{"rendered":"https:\/\/partediario.com.ar\/?p=28519"},"modified":"2025-09-04T18:23:42","modified_gmt":"2025-09-04T21:23:42","slug":"la-corte-suprema-avanza-contra-camioneros-por-el-bloqueo-a-una-empresa","status":"publish","type":"post","link":"https:\/\/partediario.com.ar\/?p=28519","title":{"rendered":"La Corte Suprema avanza contra Camioneros por el bloqueo a una empresa"},"content":{"rendered":"\n<h2 class=\"wp-block-heading\">La Corte Suprema de Justicia orden\u00f3 hoy avanzar en el juicio por un bloqueo que hab\u00eda efectuado en 2021 el sindicato de Camioneros de Hugo y Pablo Moyano en la sede de una empresa por un reclamo de encuadramiento laboral de sus empleados.<\/h2>\n\n\n\n<p>Los gremialistas hab\u00edan sido sobrese\u00eddos cuando el caso hab\u00eda sido elevado a juicio oral, pero ahora los jueces Horacio Rosatti, Carlos Rosenkrantz y Ricardo Lorenzetti hicieron lugar al pedido del empresario afectado y avalaron la continuidad de la causa.<\/p>\n\n\n\n<p>Carlos Dos Reis, en nombre de la empresa Qu\u00edmica Oeste, denunci\u00f3 que el 10 de mayo de 2021 apareci\u00f3 ante el dep\u00f3sito de la firma un grupo de unas diez personas que se bajaron de 3 autos particulares y colocaron all\u00ed una bandera que llevaba inscripto \u201cSindicato de Camioneros Delegaci\u00f3n Monte Grande\u201d.<\/p>\n\n\n\n<p>Simult\u00e1neamente, dijeron: \u00abDe ac\u00e1 no sale nadie, ac\u00e1 no se mueve nadie, hoy no van a trabajar\u00bb, mientras imped\u00edan la salida a los camiones y el ingreso de los empleados a la empresa. Minutos despu\u00e9s llegaron m\u00e1s manifestantes y se instalaron en el lugar.<\/p>\n\n\n\n<p>Al d\u00eda siguiente, arribaron al dep\u00f3sito de Qu\u00edmica Oeste m\u00e1s camiones con contenedores y adem\u00e1s se les impidi\u00f3 el ingreso, como tambi\u00e9n a \u201cuna cantidad importante de clientes que llegaban con sus transportes para retirar la mercader\u00eda\u201d, se\u00f1al\u00f3 el empresario Dos Reis.<\/p>\n\n\n\n<p>El bloqueo continu\u00f3 durante d\u00edas impidiendo el normal funcionamiento de la empresa hasta el 18 de mayo al mediod\u00eda, cuando la polic\u00eda bonaerense form\u00f3 un cord\u00f3n para permitir la entrada y salida de camiones, y la protesta se levant\u00f3 ese mismo d\u00eda por la noche.<\/p>\n\n\n\n<p>El empresario hizo la denuncia penal por extorsi\u00f3n, turbaci\u00f3n de la propiedad e impedimento del trabajo contra los manifestantes, que, de acuerdo a la empresa, procuraban tener el n\u00famero suficiente de representantes para poder elegir un delegado propio.<\/p>\n\n\n\n<p>Para la abogada denunciante, Mar\u00eda Florencia Arieto, se trat\u00f3 de \u201cun reclamo laboral inventado\u201d. Seg\u00fan se indic\u00f3, el bloqueo sindical le ocasion\u00f3 a Qu\u00edmica Oeste una p\u00e9rdida de \u201cvarios millones de pesos por d\u00eda\u201d y al sector petrolero, un promedio de 2 millones de d\u00f3lares por la falta de insumos.<\/p>\n\n\n\n<p>En la causa fue imputado N\u00e9stor Fabi\u00e1n Ar\u00e9valo, secretario general de la Delegaci\u00f3n Monte Grande de Camioneros, junto a Fernando Emmanuel Arzola, Aldo Guerrero Wertel, Ulises Reinaldo Rodas, Miguel \u00c1ngel Acosta, Sergio Javier Pogonza, Roberto Casal, Humberto Casta\u00f1o y otros empleados de \u00abQu\u00edmica Oeste S.A\u201d por llevar adelante comportamientos violentos y amenazantes, con un plan previamente delineado, en la puerta de la empresa, sostuvo la fiscal\u00eda.<\/p>\n\n\n\n<p>El 18 de octubre de 2022, el Juzgado de Garant\u00edas N\u00b0 2 de Lomas de Zamora rechaz\u00f3 el sobreseimiento solicitado y concedi\u00f3 la elevaci\u00f3n a juicio en los t\u00e9rminos requeridos por el Ministerio P\u00fablico Fiscal.<\/p>\n\n\n\n<p>Pero la defensa apel\u00f3 y la Sala I de la C\u00e1mara Nacional de Apelaci\u00f3n y Garant\u00edas en lo Penal de Lomas de Zamora resolvi\u00f3 revocar el auto de elevaci\u00f3n de las actuaciones juicio y sobreseer totalmente a los imputados por entender que no se hab\u00eda demostrado la existencia de conductas violentas y amenazantes tendientes a turbar la posesi\u00f3n.<\/p>\n\n\n\n<p>El caso lleg\u00f3 a la Corte Suprema de Justicia, a trav\u00e9s de un recurso extraordinario federal en queja, en donde se insisti\u00f3 en que se hab\u00eda realizado una interpretaci\u00f3n arbitraria en relaci\u00f3n al ejercicio del derecho a huelga que, a su vez, implicaba la afectaci\u00f3n de derechos constitucionales: el derecho a trabajar, a ejercer la industria l\u00edcita y a la inviolabilidad de la propiedad privada.<\/p>\n\n\n\n<p>En ese contexto, el m\u00e1ximo tribunal determin\u00f3 hacer lugar al recurso y con esta decisi\u00f3n, el caso deber\u00eda volver a avanzar hacia el juicio oral.<\/p>\n","protected":false},"excerpt":{"rendered":"<p>La Corte Suprema de Justicia orden&oacute; hoy avanzar en el juicio por un bloqueo que hab&iacute;a efectuado en 2021 el sindicato de Camioneros de Hugo y Pablo Moyano en la sede de una empresa por un reclamo de encuadramiento laboral de sus empleados. Los gremialistas hab&iacute;an sido sobrese&iacute;dos cuando el caso hab&iacute;a sido elevado a [&hellip;]<\/p>\n","protected":false},"author":2,"featured_media":28520,"comment_status":"closed","ping_status":"closed","sticky":false,"template":"","format":"standard","meta":{"footnotes":""},"categories":[978,979,5,176],"tags":[6516,6693,877,4027,6691,6692],"class_list":["post-28519","post","type-post","status-publish","format-standard","has-post-thumbnail","hentry","category-gremiales","category-judiciales","category-nacionales","category-politica","tag-camioneros","tag-carlos-dos-reis","tag-corte-suprema","tag-moyano","tag-quimica","tag-quimica-oeste"],"_links":{"self":[{"href":"https:\/\/partediario.com.ar\/index.php?rest_route=\/wp\/v2\/posts\/28519","targetHints":{"allow":["GET"]}}],"collection":[{"href":"https:\/\/partediario.com.ar\/index.php?rest_route=\/wp\/v2\/posts"}],"about":[{"href":"https:\/\/partediario.com.ar\/index.php?rest_route=\/wp\/v2\/types\/post"}],"author":[{"embeddable":true,"href":"https:\/\/partediario.com.ar\/index.php?rest_route=\/wp\/v2\/users\/2"}],"replies":[{"embeddable":true,"href":"https:\/\/partediario.com.ar\/index.php?rest_route=%2Fwp%2Fv2%2Fcomments&post=28519"}],"version-history":[{"count":1,"href":"https:\/\/partediario.com.ar\/index.php?rest_route=\/wp\/v2\/posts\/28519\/revisions"}],"predecessor-version":[{"id":28521,"href":"https:\/\/partediario.com.ar\/index.php?rest_route=\/wp\/v2\/posts\/28519\/revisions\/28521"}],"wp:featuredmedia":[{"embeddable":true,"href":"https:\/\/partediario.com.ar\/index.php?rest_route=\/wp\/v2\/media\/28520"}],"wp:attachment":[{"href":"https:\/\/partediario.com.ar\/index.php?rest_route=%2Fwp%2Fv2%2Fmedia&parent=28519"}],"wp:term":[{"taxonomy":"category","embeddable":true,"href":"https:\/\/partediario.com.ar\/index.php?rest_route=%2Fwp%2Fv2%2Fcategories&post=28519"},{"taxonomy":"post_tag","embeddable":true,"href":"https:\/\/partediario.com.ar\/index.php?rest_route=%2Fwp%2Fv2%2Ftags&post=28519"}],"curies":[{"name":"wp","href":"https:\/\/api.w.org\/{rel}","templated":true}]}}