{"id":2852,"date":"2024-06-18T23:02:45","date_gmt":"2024-06-19T02:02:45","guid":{"rendered":"https:\/\/partediario.com.ar\/?p=2852"},"modified":"2024-06-18T23:02:53","modified_gmt":"2024-06-19T02:02:53","slug":"sentenciaron-a-jose-alperovich-a-16-anos-de-prision-por-abuso-sexual","status":"publish","type":"post","link":"https:\/\/partediario.com.ar\/?p=2852","title":{"rendered":"Sentenciaron a Jos\u00e9 Alperovich a 16 a\u00f1os de prisi\u00f3n por abuso sexual"},"content":{"rendered":"\n<p class=\"has-medium-font-size\"><strong>Al exgobernador tucumano se lo juzg\u00f3 por un total de nueve hechos de agresi\u00f3n sexual. La condena ser\u00e1 con prisi\u00f3n efectiva.<\/strong><\/p>\n\n\n\n<p>El juez Mart\u00edn CarRamos Padilla ley\u00f3 la sentencia contra Jos\u00e9 Alperovich por abuso sexual contra su sobrina: el ex gobernador de Tucum\u00e1n fue condenado a 16 a\u00f1os de prisi\u00f3n por abuso sexual contra su sobrina y quedar\u00e1 detenido inmediatamente. El magistrado lo inhabilit\u00f3 adem\u00e1s de por vida a ejercer cargos p\u00fablicos nacionales y provinciales y orden\u00f3 investigar por falso testimonio a tres de las personas que declararon en el juicio.<\/p>\n\n\n\n<p>El debate oral y p\u00fablico contra el ex gobernador de Tucum\u00e1n se inici\u00f3 el pasado 5 de febrero, donde se lo juzg\u00f3 por un total de nueve delitos de tentativa de abuso, abuso simple y abuso agravado con acceso carnal. Se realizaron 15 audiencias y participaron casi 70 testigos y peritos. Este martes Alperovich se neg\u00f3 a decir sus \u00faltimas palabras antes del veredicto y el juez Juan Mart\u00edn Ramos Padilla fij\u00f3 para las 20 de hoy, tras un cuarto intermedio.<\/p>\n\n\n\n<p>La v\u00edctima, 35 a\u00f1os menor que el denunciado, adem\u00e1s de ser su sobrina, trabajaba para \u00e9l en la campa\u00f1a pol\u00edtica electoral que intentaba reubicarlo por cuarta vez en la gobernaci\u00f3n de Tucum\u00e1n en las elecciones de 2019.<\/p>\n\n\n\n<p>De acuerdo a la investigaci\u00f3n, los delitos se produjeron entre el 14 de diciembre de 2017 y el 26 de marzo de 2018 en las ciudades de San Miguel de Tucum\u00e1n y Yerba Buena, y en un departamento de Alperovich en el barrio porte\u00f1o de Puerto Madero, momento en el que ocupaba una banca en el Senado.<\/p>\n\n\n\n<p>Entre los testigos que fueron convocados por la Justicia asistieron distintos familiares de la denunciante, como sus padres y su abuela. Tambi\u00e9n amigas y ex compa\u00f1eros de trabajo. Todos se dieron cuenta de su notorio deterioro f\u00edsico, ps\u00edquico y emocional durante la \u00e9poca en que F.L. trabaj\u00f3 para el entonces senador nacional.<\/p>\n\n\n\n<p>Seg\u00fan los denunciantes, los \u201caccesos\u201d, \u201ctocamientos\u201d y \u201csituaciones indecorosas\u201d sucedieron en uno los departamentos del acusado en Puerto Madero; en su auto personal mientras viajaban a realizar visitas al interior de Tucum\u00e1n en el marco de una campa\u00f1a proselitista para competir contra Juan Manzur por la gobernaci\u00f3n de 2019; en el b\u00fanker de Alperovich de la calle Mart\u00edn Fierro de la capital provincial y en dos quintas de la localidad de Yerba Buena.<\/p>\n\n\n\n<p>A lo largo de las audiencias, Carolina Cymerman y Pablo Rovatti, integrantes de la querella, denunciaron: \u201cJos\u00e9 Jorge Alperovich es el autor de todos los hechos (\u2026), que ocurrieron en diferentes domicilios ubicados tanto en esta ciudad como en San Miguel de Tucum\u00e1n y en el veh\u00edculo de Alperovich. Para cometerlos, el imputado se vali\u00f3 de su enorme poder que detentaba a nivel laboral, familiar y pol\u00edtico en toda la provincia. \u00c9l hab\u00eda sido elegido tres veces gobernador y era, para la \u00e9poca de los hechos, senador nacional y asesor ad honorem para la provincia\u201d.<\/p>\n\n\n\n<p>Asimismo, el representante del Ministerio P\u00fablico, Sandro Abraldes, manifest\u00f3: \u201cEste juicio es un juicio de la impunidad del poder\u201d, y precis\u00f3: \u201cJos\u00e9 Alperovich estuvo siempre ubicado arriba, en una posici\u00f3n de poder amplio, y F.L. muy por debajo, en un \u00e1rea de sometimiento. Seg\u00fan sostuvo, el acusado, cuando vio a la denunciante (por primera vez, en un evento pol\u00edtico), decidi\u00f3 que deb\u00eda sumarla a su equipo porque su belleza f\u00edsica le provoc\u00f3 un gran impacto. No la quer\u00eda para trabajar con \u00e9l, la quer\u00eda para la cama\u201d.<\/p>\n\n\n\n<p>Por su parte la defensa rechaz\u00f3 la existencia de todos los hechos y abon\u00f3 la teor\u00eda de una \u201ccausa armada\u201d. Para eso, desliz\u00f3 sospechas respecto de la financiaci\u00f3n de los pasacalles que salieron a la luz un d\u00eda despu\u00e9s de la carta que public\u00f3 la denunciante en noviembre de 2019 acusando de abuso a su t\u00edo segundo. Esos carteles, dijo, se vieron en Buenos Aires, C\u00f3rdoba y Tucum\u00e1n y vinculaban al imputado con el actor Juan Darth\u00e9s. En ese marco apunt\u00f3 contra el actual diputado nacional Carlos Cisneros, reconocido adversario pol\u00edtico del ex gobernador en su provincia.<\/p>\n\n\n\n<p>La querella contest\u00f3: \u201cAlperovich dijo que todo esto es una gran mentira, que \u00e9l no hizo nada de lo que se lo acusa, que se trata incluso de una denuncia falsa enmarcada en una campa\u00f1a sucia preparada por -el diputado nacional- Carlos Cisneros, supuesto enemigo suyo toda la vida, y por -el exconcejal de San Miguel de Tucum\u00e1n y expareja de la presunta damnificada- David Mizrahi. (\u2026) Nada de esto resulta cre\u00edble ni veros\u00edmil: no tiene ning\u00fan sentido\u201d.<\/p>\n\n\n\n<p>El testimonio del padre de la v\u00edctima\u00b4<\/p>\n\n\n\n<p>El padre de F.L. es primo hermano de Jos\u00e9 Alperovich. Seg\u00fan relat\u00f3 en su declaraci\u00f3n, ten\u00edan una \u201crelaci\u00f3n de toda la vida, de jugar juntos cuando \u00e9ramos chicos\u201d. \u201cMi padre era hermano de su mam\u00e1, Marta Alperovich. Mi padre fue padrino de Jos\u00e9 Alperovich\u201d, se\u00f1al\u00f3.<\/p>\n\n\n\n<p>\u201cYo a Jos\u00e9 lo acompa\u00f1\u00e9 durante muchos a\u00f1os, no solo como primo en el a\u00f1o 2003, cuando comenz\u00f3 su historia pol\u00edtica. Yo le dije que lo acompa\u00f1aba porque era su primo y porque lo amaba y quer\u00eda que le fuera bien. Y le fue muy bien. Despu\u00e9s pas\u00f3 el tiempo, 2010, ya no era m\u00e1s Jos\u00e9: ten\u00eda otra mirada, otra postura, otra actitud. No s\u00e9, la cabeza, el poder\u201d, afirm\u00f3 y agreg\u00f3: \u201cSi vos quer\u00e9s conocer a una persona, dale poder, y te vas a dar cuenta qui\u00e9n es. Esa psicopat\u00eda que ten\u00eda Jos\u00e9 yo no la conoc\u00eda\u201d.<\/p>\n\n\n\n<p>Al momento de contar sobre la denuncia de su hija record\u00f3: \u201cUna ma\u00f1ana, no me acuerdo exactamente la fecha, mi hija me sent\u00f3 en un caf\u00e9 -en Yerba Buena-, despu\u00e9s de haberla visto durante un tiempo prologando poco estable emocionalmente, muy delgada, me dijo \u2018pap\u00e1, necesito estar con vos\u2019. Ah\u00ed me dijo \u2018me pas\u00f3 lo que me pas\u00f3\u2019. Me cuesta decirlo, soy el pap\u00e1. Despu\u00e9s de ah\u00ed volv\u00ed a fumar despu\u00e9s de 5 a\u00f1os\u201d.<\/p>\n\n\n\n<p>\u201cPap\u00e1, me acosaron. Pap\u00e1, me violaron\u201d, relat\u00f3 cuando le pidieron especificar los detalles de esa charla ocurrida en 2019. \u201c\u00bfC\u00f3mo que te violaron, si es mi primo? Ah\u00ed le ped\u00ed que no me contara m\u00e1s. Ya el balazo lo ten\u00eda adentro\u2026 Ah\u00ed empez\u00f3 mi lucha. Ten\u00eda dos opciones, y ustedes que son padres me van a entender. Por suerte tom\u00e9 la opci\u00f3n m\u00e1s inteligente. Porque si no, hoy no estar\u00eda ac\u00e1, estar\u00eda preso\u201d, dijo.<\/p>\n\n\n\n<p>Como familiar, tambi\u00e9n declar\u00f3 Sara Alperovich, ex legisladora provincial y tercera hija de los cuatro que tuvo el ex mandatario acusado. Seg\u00fan su relato, durante el tiempo que la denunciante trabaj\u00f3 con el ex gobernador llegaron a forjar entre las dos una relaci\u00f3n de amistad, al punto en que la joven comenz\u00f3 a contarle sobre una pareja que le ejerc\u00eda violencia de g\u00e9nero. \u201cYo estaba preocupada por F.L., le dije que si segu\u00eda con \u00e9l se iba a seguir enfermando. Le dije que ten\u00eda que hacer terapia, que a m\u00ed me hab\u00eda pasado lo mismo\u2026Ella cada vez se ve\u00eda m\u00e1s flaca\u201d, y acot\u00f3: \u201cDesde febrero -de 2019- hasta que renunci\u00f3 -la denunciante- estaba muy mal y yo sab\u00eda que era por la violencia de g\u00e9nero y el maltrato de esa persona hacia ella\u201d.<\/p>\n\n\n\n<p>\u201c\u00bfC\u00f3mo se enter\u00f3 de la versi\u00f3n de los abusos?\u201d, le pregunt\u00f3 el fiscal Abralde. \u201cNosotros ya hab\u00edamos perdido las elecciones. En noviembre es cuando ella denuncia, oh casualidad, el mismo d\u00eda de la no violencia contra la mujer. Fue todo una gran campa\u00f1a contra nosotros. Necesitaba llamar la atenci\u00f3n\u201d, contest\u00f3 la ex legisladora provincial.<\/p>\n\n\n\n<p>Declar\u00f3 adem\u00e1s la ex senadora Beatriz Mirkin, quien fue diputada, senadora y candidata a vicegobernadora como compa\u00f1era de f\u00f3rmula de Alperovich en 2019. Su figura gener\u00f3 controversia en la causa por haber protagonizado una agenda feminista dentro del peronismo, siendo la \u00fanica senadora que vot\u00f3 a favor de la ley IVE.<\/p>\n\n\n\n<p>\u201cNo me cabe ninguna duda de que esto fue una campa\u00f1a orquestada para afectar pol\u00edtica y personalmente, no solamente a Alperovich, que lo mataron, sino a m\u00ed\u201d, dijo y a\u00f1adi\u00f3: \u201cNo tengo dudas, aunque no lo pueda demostrar: hubo una campa\u00f1a pol\u00edtica de la oposici\u00f3n en cabeza de Carlos Cisneros\u201d.<\/p>\n","protected":false},"excerpt":{"rendered":"<p>Al exgobernador tucumano se lo juzg&oacute; por un total de nueve hechos de agresi&oacute;n sexual. La condena ser&aacute; con prisi&oacute;n efectiva. El juez Mart&iacute;n CarRamos Padilla ley&oacute; la sentencia contra Jos&eacute; Alperovich por abuso sexual contra su sobrina: el ex gobernador de Tucum&aacute;n fue condenado a 16 a&ntilde;os de prisi&oacute;n por abuso sexual contra su [&hellip;]<\/p>\n","protected":false},"author":2,"featured_media":2853,"comment_status":"open","ping_status":"open","sticky":false,"template":"","format":"standard","meta":{"footnotes":""},"categories":[5,7,176],"tags":[605,606,610,612,603,611,609,613,368,604,608],"class_list":["post-2852","post","type-post","status-publish","format-standard","has-post-thumbnail","hentry","category-nacionales","category-policiales","category-politica","tag-16-anos","tag-abuso-sexual","tag-carlos-cisneros","tag-carolina-cymerman","tag-jose-alperovich","tag-juan-manzur","tag-martin-ramos-padilla","tag-pablo-rovatti","tag-prision","tag-sentenciado","tag-tucuman"],"_links":{"self":[{"href":"https:\/\/partediario.com.ar\/index.php?rest_route=\/wp\/v2\/posts\/2852","targetHints":{"allow":["GET"]}}],"collection":[{"href":"https:\/\/partediario.com.ar\/index.php?rest_route=\/wp\/v2\/posts"}],"about":[{"href":"https:\/\/partediario.com.ar\/index.php?rest_route=\/wp\/v2\/types\/post"}],"author":[{"embeddable":true,"href":"https:\/\/partediario.com.ar\/index.php?rest_route=\/wp\/v2\/users\/2"}],"replies":[{"embeddable":true,"href":"https:\/\/partediario.com.ar\/index.php?rest_route=%2Fwp%2Fv2%2Fcomments&post=2852"}],"version-history":[{"count":1,"href":"https:\/\/partediario.com.ar\/index.php?rest_route=\/wp\/v2\/posts\/2852\/revisions"}],"predecessor-version":[{"id":2854,"href":"https:\/\/partediario.com.ar\/index.php?rest_route=\/wp\/v2\/posts\/2852\/revisions\/2854"}],"wp:featuredmedia":[{"embeddable":true,"href":"https:\/\/partediario.com.ar\/index.php?rest_route=\/wp\/v2\/media\/2853"}],"wp:attachment":[{"href":"https:\/\/partediario.com.ar\/index.php?rest_route=%2Fwp%2Fv2%2Fmedia&parent=2852"}],"wp:term":[{"taxonomy":"category","embeddable":true,"href":"https:\/\/partediario.com.ar\/index.php?rest_route=%2Fwp%2Fv2%2Fcategories&post=2852"},{"taxonomy":"post_tag","embeddable":true,"href":"https:\/\/partediario.com.ar\/index.php?rest_route=%2Fwp%2Fv2%2Ftags&post=2852"}],"curies":[{"name":"wp","href":"https:\/\/api.w.org\/{rel}","templated":true}]}}