{"id":28523,"date":"2025-09-03T20:05:30","date_gmt":"2025-09-03T23:05:30","guid":{"rendered":"https:\/\/partediario.com.ar\/?p=28523"},"modified":"2025-09-04T18:23:38","modified_gmt":"2025-09-04T21:23:38","slug":"denuncian-a-intendente-radical-de-hacer-campana-en-una-escuela-en-la-que-su-director-es-concejal","status":"publish","type":"post","link":"https:\/\/partediario.com.ar\/?p=28523","title":{"rendered":"Denuncian a intendente radical de hacer campa\u00f1a en una escuela en la que su director es concejal"},"content":{"rendered":"\n<h2 class=\"wp-block-heading\">Acusan al intendente de Rojas, provincia de Buenos Aires, Rom\u00e1n Bouvier, de hacer campa\u00f1a en una escuela de su distrito con la distribuci\u00f3n de carteler\u00eda oficial, lo que provoc\u00f3 el repudio de concejales opositores que pidieron la intervenci\u00f3n de Junta Electoral.<\/h2>\n\n\n\n<p>Seg\u00fan se supo, el director de la instituci\u00f3n parroquial San Jos\u00e9, Amilcar Marchetto, es concejal suplente de Bouvier, lo que gener\u00f3 un fuerte repudio para con el jefe comunal del municipio bonaerense.<\/p>\n\n\n\n<p><\/p>\n\n\n\n<figure class=\"wp-block-image size-full\"><img loading=\"lazy\" decoding=\"async\" width=\"680\" height=\"396\" src=\"https:\/\/partediario.com.ar\/wp-content\/uploads\/Screenshot-5.png\" alt=\"\" class=\"wp-image-28526\" srcset=\"https:\/\/partediario.com.ar\/wp-content\/uploads\/Screenshot-5.png 680w, https:\/\/partediario.com.ar\/wp-content\/uploads\/Screenshot-5-300x175.png 300w\" sizes=\"auto, (max-width: 680px) 100vw, 680px\" \/><\/figure>\n\n\n\n<p><\/p>\n\n\n\n<p>Tres fuentes consultadas por NA en el Concejo Deliberante de la Ciudad coinciden en que la carteler\u00eda que ingres\u00f3 a la escuela fue infiltrada dentro de una bolsa que fue otorgada a los estudiantes por un integrante de la Juventud Radical de Rojas y funcionario de Bouvier, Nahuel Piedecasas.<\/p>\n\n\n\n<p><\/p>\n\n\n\n<figure class=\"wp-block-image size-full\"><img loading=\"lazy\" decoding=\"async\" width=\"405\" height=\"720\" src=\"https:\/\/partediario.com.ar\/wp-content\/uploads\/Imagen-Intendente-Radical-Campana-Escuela.webp\" alt=\"\" class=\"wp-image-28525\" srcset=\"https:\/\/partediario.com.ar\/wp-content\/uploads\/Imagen-Intendente-Radical-Campana-Escuela.webp 405w, https:\/\/partediario.com.ar\/wp-content\/uploads\/Imagen-Intendente-Radical-Campana-Escuela-169x300.webp 169w\" sizes=\"auto, (max-width: 405px) 100vw, 405px\" \/><\/figure>\n\n\n\n<p><\/p>\n\n\n\n<p>En las im\u00e1genes difundidas se ven a los j\u00f3venes mostrando afiches oficiales de Hechos que llevan la frase \u00abvot\u00e1 la lista de Rom\u00e1n\u00bb y otros con el logo de la Uni\u00f3n C\u00edvica Radical, partido que gobierna Rojas desde el 2015 con varias sospechas de presunta corrupci\u00f3n, principalmente, con la frustrada concreci\u00f3n de un Parque Industrial en la gesti\u00f3n de su antecesor, el diputado provincial Claudio Rossi.<\/p>\n\n\n\n<p>Bouvier, que coquete\u00f3 hasta \u00faltimo momento con el radicalismo de Miguel Fern\u00e1ndez, nucleado en Somos Buenos Aires, termin\u00f3 cerrando una alianza con Hechos de Manuel Passaglia, quien encabeza la lista de diputados provinciales, en la Segunda Secci\u00f3n Electoral.<\/p>\n","protected":false},"excerpt":{"rendered":"<p>Acusan al intendente de Rojas, provincia de Buenos Aires, Rom&aacute;n Bouvier, de hacer campa&ntilde;a en una escuela de su distrito con la distribuci&oacute;n de carteler&iacute;a oficial, lo que provoc&oacute; el repudio de concejales opositores que pidieron la intervenci&oacute;n de Junta Electoral. Seg&uacute;n se supo, el director de la instituci&oacute;n parroquial San Jos&eacute;, Amilcar Marchetto, es [&hellip;]<\/p>\n","protected":false},"author":2,"featured_media":28524,"comment_status":"closed","ping_status":"closed","sticky":false,"template":"","format":"standard","meta":{"footnotes":""},"categories":[5,176],"tags":[6696,812,1415,1133,6695],"class_list":["post-28523","post","type-post","status-publish","format-standard","has-post-thumbnail","hentry","category-nacionales","category-politica","tag-amilcar-marchetto","tag-denuncia","tag-intendente","tag-radical","tag-roman-bouvier"],"_links":{"self":[{"href":"https:\/\/partediario.com.ar\/index.php?rest_route=\/wp\/v2\/posts\/28523","targetHints":{"allow":["GET"]}}],"collection":[{"href":"https:\/\/partediario.com.ar\/index.php?rest_route=\/wp\/v2\/posts"}],"about":[{"href":"https:\/\/partediario.com.ar\/index.php?rest_route=\/wp\/v2\/types\/post"}],"author":[{"embeddable":true,"href":"https:\/\/partediario.com.ar\/index.php?rest_route=\/wp\/v2\/users\/2"}],"replies":[{"embeddable":true,"href":"https:\/\/partediario.com.ar\/index.php?rest_route=%2Fwp%2Fv2%2Fcomments&post=28523"}],"version-history":[{"count":1,"href":"https:\/\/partediario.com.ar\/index.php?rest_route=\/wp\/v2\/posts\/28523\/revisions"}],"predecessor-version":[{"id":28527,"href":"https:\/\/partediario.com.ar\/index.php?rest_route=\/wp\/v2\/posts\/28523\/revisions\/28527"}],"wp:featuredmedia":[{"embeddable":true,"href":"https:\/\/partediario.com.ar\/index.php?rest_route=\/wp\/v2\/media\/28524"}],"wp:attachment":[{"href":"https:\/\/partediario.com.ar\/index.php?rest_route=%2Fwp%2Fv2%2Fmedia&parent=28523"}],"wp:term":[{"taxonomy":"category","embeddable":true,"href":"https:\/\/partediario.com.ar\/index.php?rest_route=%2Fwp%2Fv2%2Fcategories&post=28523"},{"taxonomy":"post_tag","embeddable":true,"href":"https:\/\/partediario.com.ar\/index.php?rest_route=%2Fwp%2Fv2%2Ftags&post=28523"}],"curies":[{"name":"wp","href":"https:\/\/api.w.org\/{rel}","templated":true}]}}