{"id":28528,"date":"2025-09-03T20:12:35","date_gmt":"2025-09-03T23:12:35","guid":{"rendered":"https:\/\/partediario.com.ar\/?p=28528"},"modified":"2025-09-04T18:23:35","modified_gmt":"2025-09-04T21:23:35","slug":"kicillof-apoyo-al-candidato-de-fuerza-patria-en-tigre-para-ponerle-un-freno-a-la-motosierra-de-milei","status":"publish","type":"post","link":"https:\/\/partediario.com.ar\/?p=28528","title":{"rendered":"Kicillof apoy\u00f3 al candidato de Fuerza Patria en Tigre para \u00abponerle un freno a la motosierra de Milei\u00bb"},"content":{"rendered":"\n<h2 class=\"wp-block-heading\">En el cierre de campa\u00f1a en Tigre, el gobernador respald\u00f3 a Sebasti\u00e1n Rovira. \u00abEste 7 de septiembre hay que ponerle un l\u00edmite al ajuste\u00bb, asegur\u00f3 el candidato.<\/h2>\n\n\n\n<p>En el marco del cierre de los 40 d\u00edas caminando Tigre, el gobernador Axel Kicillof acompa\u00f1\u00f3 a Sebasti\u00e1n Rovira, quien encabeza la lista de concejales de Fuerza Patria para frenar el avance de Milei en el distrito.<\/p>\n\n\n\n<p>El gobernador de la Provincia de Buenos Aires, Axel Kicillof, encabez\u00f3 la jornada, lo hizo junto a los candidatos a senadores provinciales por la Primera Secci\u00f3n Electoral: Gabriel Katopodis, Malena Galmarini y Roxana L\u00f3pez, quienes subrayaron la importancia de consolidar un peronismo unido para enfrentar la crisis nacional.<\/p>\n\n\n\n<p><\/p>\n\n\n\n<figure class=\"wp-block-video\"><video height=\"402\" style=\"aspect-ratio: 720 \/ 402;\" width=\"720\" controls src=\"https:\/\/partediario.com.ar\/wp-content\/uploads\/video-7.mp4\"><\/video><\/figure>\n\n\n\n<p><\/p>\n\n\n\n<p>El acto se desarroll\u00f3 en el Club El Progreso, en Benav\u00eddez, colmado de vecinos, militantes, gremios, organizaciones y referentes de toda la comunidad tigrense.<\/p>\n\n\n\n<p>El gobernador Axel Kicillof subray\u00f3 la importancia de la unidad y el compromiso de los candidatos locales: \u201cEn Tigre tenemos a un joven que camin\u00f3 cada barrio y que hoy encarna la fuerza de un peronismo que no se rinde: Sebasti\u00e1n Rovira\u201d.<\/p>\n\n\n\n<p>Durante el encuentro, Rovira agradeci\u00f3 el respaldo de la lista provincial y afirm\u00f3 que el desaf\u00edo de este domingo es \u201cponerle un freno a la motosierra de Milei en Tigre\u201d y convoc\u00f3 a los vecinos a \u201cbuscar los colores de la bandera en el cuarto oscuro\u201d.<\/p>\n\n\n\n<p>Por su parte, Malena Galmarini destac\u00f3: \u201cEs nuestra obligaci\u00f3n construir un modelo de pa\u00eds con todos y todas adentro y en el que se refleje la independencia econ\u00f3mica, la soberan\u00eda pol\u00edtica y la justicia social: en ese camino, las mujeres vamos a estar al frente y vamos a lograr parar esta desgracia generada por el gobierno de Javier Milei\u201d.<\/p>\n\n\n\n<p>La participaci\u00f3n fue masiva: estuvieron presentes veteranos de guerra, autoridades del Hospital de Pacheco, directores y directoras de escuelas, referentes de organismos provinciales, concejales, representantes del Club El Progreso, bomberos de distintas localidades, sindicatos y la CGT Zona Norte, junto a militantes y vecinos que colmaron el predio.<\/p>\n\n\n\n<p>\u201cEste 7 de septiembre la boleta de Fuerza Patria es la \u00fanica que representa al peronismo en Tigre. No nos podemos equivocar: hay que ponerle un l\u00edmite al ajuste y defender a nuestros vecinos\u201d, cerr\u00f3 Rovira en su discurso.<\/p>\n","protected":false},"excerpt":{"rendered":"<p>En el cierre de campa&ntilde;a en Tigre, el gobernador respald&oacute; a Sebasti&aacute;n Rovira. &laquo;Este 7 de septiembre hay que ponerle un l&iacute;mite al ajuste&raquo;, asegur&oacute; el candidato. En el marco del cierre de los 40 d&iacute;as caminando Tigre, el gobernador Axel Kicillof acompa&ntilde;&oacute; a Sebasti&aacute;n Rovira, quien encabeza la lista de concejales de Fuerza Patria [&hellip;]<\/p>\n","protected":false},"author":2,"featured_media":28530,"comment_status":"closed","ping_status":"closed","sticky":false,"template":"","format":"standard","meta":{"footnotes":""},"categories":[5,176],"tags":[1112,705,6347,6697,5112],"class_list":["post-28528","post","type-post","status-publish","format-standard","has-post-thumbnail","hentry","category-nacionales","category-politica","tag-axel-kicillof","tag-campana","tag-fuerza-patria","tag-sebastian-rovira","tag-tigre"],"_links":{"self":[{"href":"https:\/\/partediario.com.ar\/index.php?rest_route=\/wp\/v2\/posts\/28528","targetHints":{"allow":["GET"]}}],"collection":[{"href":"https:\/\/partediario.com.ar\/index.php?rest_route=\/wp\/v2\/posts"}],"about":[{"href":"https:\/\/partediario.com.ar\/index.php?rest_route=\/wp\/v2\/types\/post"}],"author":[{"embeddable":true,"href":"https:\/\/partediario.com.ar\/index.php?rest_route=\/wp\/v2\/users\/2"}],"replies":[{"embeddable":true,"href":"https:\/\/partediario.com.ar\/index.php?rest_route=%2Fwp%2Fv2%2Fcomments&post=28528"}],"version-history":[{"count":1,"href":"https:\/\/partediario.com.ar\/index.php?rest_route=\/wp\/v2\/posts\/28528\/revisions"}],"predecessor-version":[{"id":28531,"href":"https:\/\/partediario.com.ar\/index.php?rest_route=\/wp\/v2\/posts\/28528\/revisions\/28531"}],"wp:featuredmedia":[{"embeddable":true,"href":"https:\/\/partediario.com.ar\/index.php?rest_route=\/wp\/v2\/media\/28530"}],"wp:attachment":[{"href":"https:\/\/partediario.com.ar\/index.php?rest_route=%2Fwp%2Fv2%2Fmedia&parent=28528"}],"wp:term":[{"taxonomy":"category","embeddable":true,"href":"https:\/\/partediario.com.ar\/index.php?rest_route=%2Fwp%2Fv2%2Fcategories&post=28528"},{"taxonomy":"post_tag","embeddable":true,"href":"https:\/\/partediario.com.ar\/index.php?rest_route=%2Fwp%2Fv2%2Ftags&post=28528"}],"curies":[{"name":"wp","href":"https:\/\/api.w.org\/{rel}","templated":true}]}}