{"id":28533,"date":"2025-09-03T20:18:52","date_gmt":"2025-09-03T23:18:52","guid":{"rendered":"https:\/\/partediario.com.ar\/?p=28533"},"modified":"2025-09-04T18:23:31","modified_gmt":"2025-09-04T21:23:31","slug":"el-gobierno-se-encamina-manana-a-otra-derrota-dura-e-historica-en-el-senado","status":"publish","type":"post","link":"https:\/\/partediario.com.ar\/?p=28533","title":{"rendered":"El Gobierno se encamina ma\u00f1ana a otra derrota dura e hist\u00f3rica en el Senado"},"content":{"rendered":"\n<h2 class=\"wp-block-heading\">El Senado volver\u00e1 al recinto ma\u00f1ana a las 11 para votar el rechazo al veto presidencial del proyecto que declara la emergencia en el \u00e1rea de Discapacidad, adem\u00e1s de debatir la modificaci\u00f3n del r\u00e9gimen legal de los decretos de necesidad y urgencia (DNU), de delegaci\u00f3n legislativa y de promulgaci\u00f3n parcial de leyes.<\/h2>\n\n\n\n<ul class=\"wp-block-list\">\n<li>Por Gonzalo Delmonte<\/li>\n<\/ul>\n\n\n\n<p>As\u00ed fue acordado hoy en una reuni\u00f3n de Labor Parlamentaria en la que se defini\u00f3 la din\u00e1mica de una sesi\u00f3n que estar\u00e1 atravesada por el esc\u00e1ndalo que envuelve al gobierno de Javier Milei por los audios difundidos del ex titular de la Agencia Nacional de Discapacidad (ANDIS) Diego Spagnuolo y que alcanzan a la secretaria general de la Presidencia, Karina Milei.<\/p>\n\n\n\n<p>Ser\u00e1n cinco las cuestiones de privilegio que se centrar\u00e1n en el tema que tiene contra las cuerdas al oficialismo: las presuntas coimas distribuidas entre la hermana del mandatario, Eduardo &#8216;Lule&#8217; Menem y Spagnuolo, entre otros protagonistas, adem\u00e1s de que tambi\u00e9n har\u00e1n hincapi\u00e9 en la cautelar del juez Alejandro Maraniello contra la difusi\u00f3n de esos audios.<\/p>\n\n\n\n<p>Desde antes del fin de semana merodeaba la idea de impulsar un pedido de interpelaci\u00f3n para Karina Milei, y la cruzada por este tema la encabezaba el interbloque peronista, liderado por el formose\u00f1o Jos\u00e9 Mayans; pero al no tener dictamen de comisi\u00f3n, la iniciativa deber\u00eda ser habilitada en el recinto con dos tercios, por lo que s\u00ed o s\u00ed deber\u00eda ser apoyada por otros bloques y, de avanzar, la mayor\u00eda simple bastar\u00eda para su aprobaci\u00f3n. La posibilidad es lejana.<\/p>\n\n\n\n<p>En la reuni\u00f3n de este mediod\u00eda hab\u00eda quedado descartada, aunque en un Senado sin conducciones claras nada puede descartarse.<\/p>\n\n\n\n<p>Otro dato a resaltar es que la sesi\u00f3n no podr\u00e1 ser presidida por la vicepresidenta Victoria Villarruel, que quedar\u00e1 a cargo del Poder Ejecutivo por el viaje del presidente Javier Milei a los Estados Unidos. El sill\u00f3n de la Presidencia de la C\u00e1mara alta quedar\u00e1 a cargo del libertario Bartolom\u00e9 Abdala desde el inicio.<\/p>\n\n\n\n<p>La emergencia en Discapacidad aprobada por el Congreso hasta el 31 de diciembre del 2026 y actualizaci\u00f3n de las prestaciones para compensar la diferencia entre los valores actuales y la inflaci\u00f3n desde 2023 a la fecha.<\/p>\n\n\n\n<p>La oficina de Presupuesto del Congreso estim\u00f3 que esta ley, que contempla un actualizaci\u00f3n de las presiones y asignaciones para los talleres para las personas con discapacidad, tiene un impacto que oscila entre el 0,22% al 0,42% del PBI, ya que depende de la cantidad de altas que se produzcan hasta diciembre del 2026.<\/p>\n\n\n\n<p>Un punto clave de esta iniciativa es que las 200 mil contribuciones por invalidez ser\u00e1n equivalentes al 70 por ciento del haber m\u00ednimo jubilatorio, adem\u00e1s de que se deber\u00e1n saldar la deuda con los prestadores y actualizar mensualmente los aranceles del Sistema de Prestaciones B\u00e1sicas, de acuerdo a los \u00edndices de la inflaci\u00f3n que informa el INDEC.<\/p>\n\n\n\n<p>Hace 22 a\u00f1os que el Congreso no insiste con una ley vetada por el Ejecutivo, la \u00faltima vez hab\u00eda sido en abril de 2003. Por esta raz\u00f3n la sesi\u00f3n reviste un car\u00e1cter hist\u00f3rico, ya que la administraci\u00f3n libertaria se encamina a una dura derrota en el hemiciclo senatorial.<\/p>\n\n\n\n<p>En tanto, en el dictamen del proyecto que regula los decretos confluyeron el kirchnerismo, PRO, la UCR y bloques provinciales, que buscan limitar as\u00ed la herramienta que utiliz\u00f3 Milei a lo largo de estos meses para saltear al Poder Legislativo.<\/p>\n\n\n\n<p>La decisi\u00f3n tuvo consenso hace casi dos semanas en la reuni\u00f3n de la Comisi\u00f3n de Asuntos Constitucionales, que preside Alejandra Vigo. No est\u00e1 claro que el dictamen, garabateado entre gallos y medianoches, tenga un gran consenso, pero tiene un punto de partida de 34 voluntades provenientes de la bancada peronista.<\/p>\n\n\n\n<p>Establece un plazo de 90 d\u00edas corridos para la aprobaci\u00f3n del DNU por ambas c\u00e1maras o se considera \u201cderogado\u201d, y solo deja a salvo los derechos adquiridos durante su vigencia. Adem\u00e1s, el rechazo de una de las c\u00e1maras ya lo deja sin efecto, entre otros puntos.<\/p>\n\n\n\n<ul class=\"wp-block-list\">\n<li>Acreditado en el Congreso de la Naci\u00f3n y Casa Rosada. Columnista en radio Splendid AM990. Licenciado en periodismo de la Universidad de Palermo.<\/li>\n<\/ul>\n","protected":false},"excerpt":{"rendered":"<p>El Senado volver&aacute; al recinto ma&ntilde;ana a las 11 para votar el rechazo al veto presidencial del proyecto que declara la emergencia en el &aacute;rea de Discapacidad, adem&aacute;s de debatir la modificaci&oacute;n del r&eacute;gimen legal de los decretos de necesidad y urgencia (DNU), de delegaci&oacute;n legislativa y de promulgaci&oacute;n parcial de leyes. As&iacute; fue acordado [&hellip;]<\/p>\n","protected":false},"author":2,"featured_media":28534,"comment_status":"closed","ping_status":"closed","sticky":false,"template":"","format":"standard","meta":{"footnotes":""},"categories":[5,176],"tags":[6699,1904,6698,3397,6599,224,232,263,230],"class_list":["post-28533","post","type-post","status-publish","format-standard","has-post-thumbnail","hentry","category-nacionales","category-politica","tag-alejandro-maraniello","tag-andis","tag-derrota","tag-diego-spagnuolo","tag-eduardo-menem","tag-gobierno","tag-javier-milei","tag-karina-milei","tag-senado"],"_links":{"self":[{"href":"https:\/\/partediario.com.ar\/index.php?rest_route=\/wp\/v2\/posts\/28533","targetHints":{"allow":["GET"]}}],"collection":[{"href":"https:\/\/partediario.com.ar\/index.php?rest_route=\/wp\/v2\/posts"}],"about":[{"href":"https:\/\/partediario.com.ar\/index.php?rest_route=\/wp\/v2\/types\/post"}],"author":[{"embeddable":true,"href":"https:\/\/partediario.com.ar\/index.php?rest_route=\/wp\/v2\/users\/2"}],"replies":[{"embeddable":true,"href":"https:\/\/partediario.com.ar\/index.php?rest_route=%2Fwp%2Fv2%2Fcomments&post=28533"}],"version-history":[{"count":1,"href":"https:\/\/partediario.com.ar\/index.php?rest_route=\/wp\/v2\/posts\/28533\/revisions"}],"predecessor-version":[{"id":28535,"href":"https:\/\/partediario.com.ar\/index.php?rest_route=\/wp\/v2\/posts\/28533\/revisions\/28535"}],"wp:featuredmedia":[{"embeddable":true,"href":"https:\/\/partediario.com.ar\/index.php?rest_route=\/wp\/v2\/media\/28534"}],"wp:attachment":[{"href":"https:\/\/partediario.com.ar\/index.php?rest_route=%2Fwp%2Fv2%2Fmedia&parent=28533"}],"wp:term":[{"taxonomy":"category","embeddable":true,"href":"https:\/\/partediario.com.ar\/index.php?rest_route=%2Fwp%2Fv2%2Fcategories&post=28533"},{"taxonomy":"post_tag","embeddable":true,"href":"https:\/\/partediario.com.ar\/index.php?rest_route=%2Fwp%2Fv2%2Ftags&post=28533"}],"curies":[{"name":"wp","href":"https:\/\/api.w.org\/{rel}","templated":true}]}}