{"id":28551,"date":"2025-09-04T18:12:58","date_gmt":"2025-09-04T21:12:58","guid":{"rendered":"https:\/\/partediario.com.ar\/?p=28551"},"modified":"2025-09-05T18:58:33","modified_gmt":"2025-09-05T21:58:33","slug":"aclaran-que-sigue-vigente-el-decreto-que-limito-la-intervencion-del-estado-en-elecciones-sindicales","status":"publish","type":"post","link":"https:\/\/partediario.com.ar\/?p=28551","title":{"rendered":"Aclaran que sigue vigente el decreto que limit\u00f3 la intervenci\u00f3n del Estado en elecciones sindicales"},"content":{"rendered":"\n<h2 class=\"wp-block-heading\">El Ministerio de Capital Humano aclar\u00f3 hoy que se mantiene en \u00abplena vigencia\u00bb el decreto 342\/2025, que limit\u00f3 la capacidad del Estado para intervenir en los procesos de elecciones en sindicatos, la aclaraci\u00f3n se dio tras que la oposici\u00f3n lograra hacer caer en el Congreso otras iniciativas de la gesti\u00f3n libertaria, como la eliminaci\u00f3n de Vialidad Nacional y modificaciones en la actividad de la marina mercante.<\/h2>\n\n\n\n<p>Por medio de ese decreto publicado en el Bolet\u00edn Oficial en mayo pasado, el Gobierno modific\u00f3 la Ley de Asociaciones Sindicales para restringir la intervenci\u00f3n del Estado en las elecciones de autoridades en gremios, actuando solo para convocar elecciones en caso de acefal\u00eda y ausencia de previsiones estatutarias.<\/p>\n\n\n\n<p>El Ejecutivo tuvo que emitir en las \u00faltimas horas los decretos para derogar los decretos 340\/25, 345\/25, 351\/25, 461\/25 y 462\/25, que hab\u00edan sido rechazados por el Senado y la C\u00e1mara de Diputados de la Naci\u00f3n.<\/p>\n\n\n\n<p>En un comunicado, la cartera a cargo de Sandra Pettovello subray\u00f3 que, en cambio, contin\u00faa vigente el decreto 342\/25, el cual demuestra \u00abel compromiso del Gobierno nacional con la transparencia, la autonom\u00eda y la vida democr\u00e1tica de las organizaciones sindicales\u00bb, en el marco de \u00ablos principios de libertad sindical consagrados en el art\u00edculo 14 bis de la Constituci\u00f3n Nacional y en el Convenio N\u00ba 87 de la Organizaci\u00f3n Internacional del Trabajo (OIT)\u00bb.<\/p>\n\n\n\n<p>\u00abEl citado decreto, firmado por el Presidente Javier Milei en mayo pasado, se estableci\u00f3 que la Administraci\u00f3n P\u00fablica debe abstenerse de intervenir, limitar o entorpecer el derecho de los trabajadores y empleadores a organizarse libremente, constituyendo as\u00ed un avance institucional en l\u00ednea con los compromisos internacionales asumidos por este Gobierno\u00bb, se\u00f1al\u00f3 la Secretar\u00eda de Trabajo, que se encuentra bajo la \u00f3rbita de Capital Humano.<\/p>\n\n\n\n<p>Y a\u00f1adi\u00f3: \u00abEn raz\u00f3n de lo expuesto, corresponde adecuar la legislaci\u00f3n interna con el fin de garantizar el efectivo cumplimiento de la libertad sindical consagrada en la Constituci\u00f3n Nacional, eliminando las injerencias del Estado que se entienden excesivas en los procesos de autonom\u00eda y autodeterminaci\u00f3n de las organizaciones sindicales\u00bb.<\/p>\n\n\n\n<p>\u00abSon pilares esenciales para consolidar el di\u00e1logo social, fortalecer la institucionalidad laboral y asegurar la defensa de los trabajadores en un escenario de transformaciones y desaf\u00edos econ\u00f3micos\u00bb, concluy\u00f3 el comunicado.<\/p>\n","protected":false},"excerpt":{"rendered":"<p>El Ministerio de Capital Humano aclar&oacute; hoy que se mantiene en &laquo;plena vigencia&raquo; el decreto 342\/2025, que limit&oacute; la capacidad del Estado para intervenir en los procesos de elecciones en sindicatos, la aclaraci&oacute;n se dio tras que la oposici&oacute;n lograra hacer caer en el Congreso otras iniciativas de la gesti&oacute;n libertaria, como la eliminaci&oacute;n de [&hellip;]<\/p>\n","protected":false},"author":2,"featured_media":28552,"comment_status":"closed","ping_status":"closed","sticky":false,"template":"","format":"standard","meta":{"footnotes":""},"categories":[978,5,176],"tags":[1346,1955,863,5190,6707,2760,2940],"class_list":["post-28551","post","type-post","status-publish","format-standard","has-post-thumbnail","hentry","category-gremiales","category-nacionales","category-politica","tag-decreto","tag-elecciones","tag-estado","tag-intervencion","tag-limite","tag-sandra-pettovello","tag-sindicales"],"_links":{"self":[{"href":"https:\/\/partediario.com.ar\/index.php?rest_route=\/wp\/v2\/posts\/28551","targetHints":{"allow":["GET"]}}],"collection":[{"href":"https:\/\/partediario.com.ar\/index.php?rest_route=\/wp\/v2\/posts"}],"about":[{"href":"https:\/\/partediario.com.ar\/index.php?rest_route=\/wp\/v2\/types\/post"}],"author":[{"embeddable":true,"href":"https:\/\/partediario.com.ar\/index.php?rest_route=\/wp\/v2\/users\/2"}],"replies":[{"embeddable":true,"href":"https:\/\/partediario.com.ar\/index.php?rest_route=%2Fwp%2Fv2%2Fcomments&post=28551"}],"version-history":[{"count":1,"href":"https:\/\/partediario.com.ar\/index.php?rest_route=\/wp\/v2\/posts\/28551\/revisions"}],"predecessor-version":[{"id":28553,"href":"https:\/\/partediario.com.ar\/index.php?rest_route=\/wp\/v2\/posts\/28551\/revisions\/28553"}],"wp:featuredmedia":[{"embeddable":true,"href":"https:\/\/partediario.com.ar\/index.php?rest_route=\/wp\/v2\/media\/28552"}],"wp:attachment":[{"href":"https:\/\/partediario.com.ar\/index.php?rest_route=%2Fwp%2Fv2%2Fmedia&parent=28551"}],"wp:term":[{"taxonomy":"category","embeddable":true,"href":"https:\/\/partediario.com.ar\/index.php?rest_route=%2Fwp%2Fv2%2Fcategories&post=28551"},{"taxonomy":"post_tag","embeddable":true,"href":"https:\/\/partediario.com.ar\/index.php?rest_route=%2Fwp%2Fv2%2Ftags&post=28551"}],"curies":[{"name":"wp","href":"https:\/\/api.w.org\/{rel}","templated":true}]}}