{"id":28554,"date":"2025-09-04T18:17:16","date_gmt":"2025-09-04T21:17:16","guid":{"rendered":"https:\/\/partediario.com.ar\/?p=28554"},"modified":"2025-09-05T18:58:30","modified_gmt":"2025-09-05T21:58:30","slug":"ley-de-emergencia-en-discapacidad-hasta-2026-que-se-modifica-en-pensiones-y-pagos-a-prestadores","status":"publish","type":"post","link":"https:\/\/partediario.com.ar\/?p=28554","title":{"rendered":"Ley de emergencia en discapacidad hasta 2026: qu\u00e9 se modifica en pensiones y pagos a prestadores"},"content":{"rendered":"\n<h2 class=\"wp-block-heading\">La ley de emergencia en discapacidad que fue ratificada hoy por el Senado Nacional establece una actualizaci\u00f3n y cancelaci\u00f3n de deudas con los prestadores de la salud, y un nuevo mecanismo para ajustar las pensiones no contributivas por discapacidad.<\/h2>\n\n\n\n<p>Estos son los principales puntos de la ley que establece la emergencia en discapacidad:<\/p>\n\n\n\n<p>-Se establece que la emergencia en materia de discapacidad hasta el 31 de diciembre del 2026.<\/p>\n\n\n\n<p>-La presente ley es de orden p\u00fablico y rige en todo el territorio nacional.<\/p>\n\n\n\n<p>-Se establece una actualizaci\u00f3n las prestaciones para compensar la diferencia entre los valores actuales y la inflaci\u00f3n desde el 2023 a la fecha.<\/p>\n\n\n\n<p>-Se deber\u00e1 saldar la deuda con los prestadores y actualizar mensualmente los aranceles del Sistema de Prestaciones B\u00e1sicas, de acuerdo a los \u00edndices de la inflaci\u00f3n que informa el INDEC.<\/p>\n\n\n\n<p>-Las pensiones no contributivas ser\u00e1n equivalentes al 70 por ciento del haber m\u00ednimo jubilatorio.<\/p>\n\n\n\n<p>-Las personas que cobran este beneficio podr\u00e1n trabajar mientras que no supere los dos salarios m\u00ednimos.<\/p>\n\n\n\n<p>-El Poder Ejecutivo Nacional deber\u00e1 financiar con recursos del Tesoro nacional una compensaci\u00f3n de emergencia a los prestadores.<\/p>\n\n\n\n<p>-La oficina de Presupuesto del Congreso determin\u00f3 que el impacto fiscal por el aumento de las pensiones significa un refuerzo fiscal de 1.889.371 millones de pesos y 3,627.495 millones.<\/p>\n\n\n\n<p>-La diferencia del impacto fiscal se debe al numero de beneficiarios \u201cpor nuevas altas entre 493 mil y 946 mil personas, seg\u00fan distintos escenarios\u201d que podr\u00edan suceder con la nueva ley., sostuvo la OPC.<\/p>\n\n\n\n<p>&#8212; La Agencia Nacional de Discapacidad realizar\u00e1 una auditoria con el objeto de realizar una evaluaci\u00f3n justa, transparente, basada en criterios de salud y en un an\u00e1lisis integral de la situaci\u00f3n socioecon\u00f3mica de los beneficiarios.<\/p>\n\n\n\n<p>-. El procedimiento de auditor\u00eda deber\u00e1* garantizar notificaciones fehacientes y el debido proceso inclusivo, que aseguren la plena participaci\u00f3n. y el acceso claro a la informaci\u00f3n.<\/p>\n\n\n\n<p>-Los empleadores que tomen trabajadores con certificados de discapacidad por tiempo indeterminado ser\u00e1n eximidos del pago del cincuenta por ciento (50%) de las contribuciones patronales y a las cajas de jubilaciones por tres a\u00f1os.<\/p>\n","protected":false},"excerpt":{"rendered":"<p>La ley de emergencia en discapacidad que fue ratificada hoy por el Senado Nacional establece una actualizaci&oacute;n y cancelaci&oacute;n de deudas con los prestadores de la salud, y un nuevo mecanismo para ajustar las pensiones no contributivas por discapacidad. Estos son los principales puntos de la ley que establece la emergencia en discapacidad: -Se establece [&hellip;]<\/p>\n","protected":false},"author":2,"featured_media":28555,"comment_status":"closed","ping_status":"closed","sticky":false,"template":"","format":"standard","meta":{"footnotes":""},"categories":[5,176],"tags":[6709,1160,6708,230],"class_list":["post-28554","post","type-post","status-publish","format-standard","has-post-thumbnail","hentry","category-nacionales","category-politica","tag-emergencia-discapacidad","tag-ley","tag-ratifica","tag-senado"],"_links":{"self":[{"href":"https:\/\/partediario.com.ar\/index.php?rest_route=\/wp\/v2\/posts\/28554","targetHints":{"allow":["GET"]}}],"collection":[{"href":"https:\/\/partediario.com.ar\/index.php?rest_route=\/wp\/v2\/posts"}],"about":[{"href":"https:\/\/partediario.com.ar\/index.php?rest_route=\/wp\/v2\/types\/post"}],"author":[{"embeddable":true,"href":"https:\/\/partediario.com.ar\/index.php?rest_route=\/wp\/v2\/users\/2"}],"replies":[{"embeddable":true,"href":"https:\/\/partediario.com.ar\/index.php?rest_route=%2Fwp%2Fv2%2Fcomments&post=28554"}],"version-history":[{"count":1,"href":"https:\/\/partediario.com.ar\/index.php?rest_route=\/wp\/v2\/posts\/28554\/revisions"}],"predecessor-version":[{"id":28556,"href":"https:\/\/partediario.com.ar\/index.php?rest_route=\/wp\/v2\/posts\/28554\/revisions\/28556"}],"wp:featuredmedia":[{"embeddable":true,"href":"https:\/\/partediario.com.ar\/index.php?rest_route=\/wp\/v2\/media\/28555"}],"wp:attachment":[{"href":"https:\/\/partediario.com.ar\/index.php?rest_route=%2Fwp%2Fv2%2Fmedia&parent=28554"}],"wp:term":[{"taxonomy":"category","embeddable":true,"href":"https:\/\/partediario.com.ar\/index.php?rest_route=%2Fwp%2Fv2%2Fcategories&post=28554"},{"taxonomy":"post_tag","embeddable":true,"href":"https:\/\/partediario.com.ar\/index.php?rest_route=%2Fwp%2Fv2%2Ftags&post=28554"}],"curies":[{"name":"wp","href":"https:\/\/api.w.org\/{rel}","templated":true}]}}