{"id":28560,"date":"2025-09-05T18:24:13","date_gmt":"2025-09-05T21:24:13","guid":{"rendered":"https:\/\/partediario.com.ar\/?p=28560"},"modified":"2025-09-06T18:29:36","modified_gmt":"2025-09-06T21:29:36","slug":"no-queremos-otro-2001-expreso-sergio-ziliotto","status":"publish","type":"post","link":"https:\/\/partediario.com.ar\/?p=28560","title":{"rendered":"\u00abNo queremos otro 2001\u00bb, expres\u00f3 Sergio Ziliotto"},"content":{"rendered":"\n<h2 class=\"wp-block-heading\">El gobernador de La Pampa, Sergio Ziliotto, neg\u00f3 que el peronismo busque el estallido de una crisis social y econ\u00f3mica en el pa\u00eds, y ponder\u00f3 el rechazo de la C\u00e1mara de Senadores al veto contra la Emergencia en Discapacidad.<\/h2>\n\n\n\n<p>\u201cNo queremos otro 2001-2002, porque no s\u00e9 si las provincias y los municipios van a tener capacidad para sostener la demanda de alimentos de la sociedad. Porque \u00bfqu\u00e9 puede ofrecer el gobierno nacional ante una crisis social? Represi\u00f3n. No tiene otra alternativa\u201d, apunt\u00f3 el mandatario en declaraciones radiales.<\/p>\n\n\n\n<p>Y agreg\u00f3: \u00abEste pa\u00eds no se arregla con gradualismo. La \u00fanica forma de crecer en exportaciones es tener una balanza comercial que nos permita aumentar reservas en el Banco Central y generar un proceso inflacionario realmente saludable, pero con bases fuertes\u201d.<\/p>\n\n\n\n<p>\u201cLo otro nos va a llevar a que haya una crisis social, y eso es lo que no queremos. Cuando por ah\u00ed plantean despectivamente que nosotros queremos voltear a un gobierno, no tienen ni idea de lo que significa estar en la gesti\u00f3n diaria\u201d, plante\u00f3 Ziliotto.<\/p>\n\n\n\n<p>Adem\u00e1s, propuso impulsar una visi\u00f3n \u201cproactiva\u201d y buscar una soluci\u00f3n a partir de la generaci\u00f3n de trabajo. \u201cHoy la capacidad instalada en la industria est\u00e1 por debajo de niveles hist\u00f3ricos, y eso no se revierte de un d\u00eda para otro\u201d, cuestion\u00f3.<\/p>\n\n\n\n<p>Para el gobernador pampeano, la Argentina \u201cest\u00e1 viviendo momentos muy dif\u00edciles\u201d, por lo que reflexion\u00f3 a las elecciones en la provincia de Buenos Aires del domingo y las elecciones nacionales del 26 de octubre como \u201cun punto de inflexi\u00f3n\u201d. \u201cDepende de la dirigencia dejar de lado las cuestiones personales y poner por encima el inter\u00e9s com\u00fan, el bienestar de la sociedad y trabajar en conjunto\u201d, asegur\u00f3, en un claro mensaje al peronismo.<\/p>\n\n\n\n<p>En otro momento de la entrevista con el periodista Antonio Llorente, Ziliotto celebr\u00f3 el rechazo del Senado al veto contra la emergencia en discapacidad y remarc\u00f3 las cr\u00edticas al Poder Ejecutivo. \u201cEs una gran satisfacci\u00f3n porque pareciera que empezamos a recuperar derechos para nuestra sociedad\u201d, asegur\u00f3.<\/p>\n\n\n\n<p>\u201cVa a ser una etapa de mucha crueldad, de mucho acompa\u00f1amiento en silencio. Ac\u00e1 siempre decimos que se cometen errores por acci\u00f3n y omisi\u00f3n\u201d, ponder\u00f3, y acot\u00f3: \u201cGracias a Dios muchos dirigentes entendieron y pareciera que est\u00e1 empezando a despertar la dirigencia nacional\u201d.<\/p>\n\n\n\n<p>Finalizando, el gobernador peronista indic\u00f3 que trabaja para enfrentar las pol\u00edticas de ajuste de la administraci\u00f3n libertaria, y convertirse en alternativa. \u201cEstamos torciendo el camino. Tenemos que profundizar, dejar de lado las cuestiones metodol\u00f3gicas, y entender que la \u00fanica ideolog\u00eda que puede gobernar la Argentina es con la gente adentro\u201d, finaliz\u00f3.<\/p>\n","protected":false},"excerpt":{"rendered":"<p>El gobernador de La Pampa, Sergio Ziliotto, neg&oacute; que el peronismo busque el estallido de una crisis social y econ&oacute;mica en el pa&iacute;s, y ponder&oacute; el rechazo de la C&aacute;mara de Senadores al veto contra la Emergencia en Discapacidad. &ldquo;No queremos otro 2001-2002, porque no s&eacute; si las provincias y los municipios van a tener [&hellip;]<\/p>\n","protected":false},"author":2,"featured_media":28561,"comment_status":"closed","ping_status":"closed","sticky":false,"template":"","format":"standard","meta":{"footnotes":""},"categories":[5,176],"tags":[931,1987,230,5878],"class_list":["post-28560","post","type-post","status-publish","format-standard","has-post-thumbnail","hentry","category-nacionales","category-politica","tag-gobernador","tag-la-pampa","tag-senado","tag-sergio-ziliotto"],"_links":{"self":[{"href":"https:\/\/partediario.com.ar\/index.php?rest_route=\/wp\/v2\/posts\/28560","targetHints":{"allow":["GET"]}}],"collection":[{"href":"https:\/\/partediario.com.ar\/index.php?rest_route=\/wp\/v2\/posts"}],"about":[{"href":"https:\/\/partediario.com.ar\/index.php?rest_route=\/wp\/v2\/types\/post"}],"author":[{"embeddable":true,"href":"https:\/\/partediario.com.ar\/index.php?rest_route=\/wp\/v2\/users\/2"}],"replies":[{"embeddable":true,"href":"https:\/\/partediario.com.ar\/index.php?rest_route=%2Fwp%2Fv2%2Fcomments&post=28560"}],"version-history":[{"count":1,"href":"https:\/\/partediario.com.ar\/index.php?rest_route=\/wp\/v2\/posts\/28560\/revisions"}],"predecessor-version":[{"id":28562,"href":"https:\/\/partediario.com.ar\/index.php?rest_route=\/wp\/v2\/posts\/28560\/revisions\/28562"}],"wp:featuredmedia":[{"embeddable":true,"href":"https:\/\/partediario.com.ar\/index.php?rest_route=\/wp\/v2\/media\/28561"}],"wp:attachment":[{"href":"https:\/\/partediario.com.ar\/index.php?rest_route=%2Fwp%2Fv2%2Fmedia&parent=28560"}],"wp:term":[{"taxonomy":"category","embeddable":true,"href":"https:\/\/partediario.com.ar\/index.php?rest_route=%2Fwp%2Fv2%2Fcategories&post=28560"},{"taxonomy":"post_tag","embeddable":true,"href":"https:\/\/partediario.com.ar\/index.php?rest_route=%2Fwp%2Fv2%2Ftags&post=28560"}],"curies":[{"name":"wp","href":"https:\/\/api.w.org\/{rel}","templated":true}]}}