{"id":28566,"date":"2025-09-05T18:44:45","date_gmt":"2025-09-05T21:44:45","guid":{"rendered":"https:\/\/partediario.com.ar\/?p=28566"},"modified":"2025-09-06T18:29:29","modified_gmt":"2025-09-06T21:29:29","slug":"carrio-y-la-coalicion-civica-solicitaron-el-juicio-politico-del-juez-que-censuro-los-audios-de-karina-milei","status":"publish","type":"post","link":"https:\/\/partediario.com.ar\/?p=28566","title":{"rendered":"Carri\u00f3 y la Coalici\u00f3n C\u00edvica solicitaron el juicio pol\u00edtico del juez que censur\u00f3 los audios de Karina Milei"},"content":{"rendered":"\n<h2 class=\"wp-block-heading\">Elisa Carri\u00f3, la diputada nacional Marcela Campagnoli y el legislador porte\u00f1o Hern\u00e1n Reyes presentaron una denuncia ante el Consejo de la Magistratura para pedir el juicio pol\u00edtico del juez federal Alejandro Patricio Maraniello, por haber dictado una medida cautelar que permiti\u00f3 la censura previa sobre la difusi\u00f3n de los audios de la secretaria general de la Presidencia, Karina Milei.<\/h2>\n\n\n\n<p><\/p>\n\n\n\n<blockquote class=\"twitter-tweet\"><p lang=\"es\" dir=\"ltr\">Con <a href=\"https:\/\/twitter.com\/elisacarrio?ref_src=twsrc%5Etfw\">@elisacarrio<\/a> y <a href=\"https:\/\/twitter.com\/M_Campagnoli?ref_src=twsrc%5Etfw\">@M_Campagnoli<\/a> presentamos un pedido de juicio para desplazar al juez Mar\u00edanello. La libertad de expresi\u00f3n es un l\u00edmite que nunca debemos atravesar. Defender las instituciones demanda que hagamos los m\u00e1ximos esfuerzos de transparencia, responsabilidad y\u2026<\/p>&mdash; Hern\u00e1n Reyes (@HernanLReyes) <a href=\"https:\/\/twitter.com\/HernanLReyes\/status\/1963946135317291213?ref_src=twsrc%5Etfw\">September 5, 2025<\/a><\/blockquote> <script async src=\"https:\/\/platform.twitter.com\/widgets.js\" charset=\"utf-8\"><\/script>\n\n\n\n<p><\/p>\n\n\n\n<p>\u201cCon @elisacarrio y @M_Campagnoli presentamos un pedido de juicio para desplazar al juez Mar\u00edanello. La libertad de expresi\u00f3n es un l\u00edmite que nunca debemos atravesar. Defender las instituciones demanda que hagamos los m\u00e1ximos esfuerzos de transparencia, responsabilidad y coherencia en todos los poderes del Estado\u201d, expres\u00f3 Reyes en su cuenta de la red social X.<\/p>\n\n\n\n<p>En la publicaci\u00f3n, el candidato a diputado nacional de la Coalici\u00f3n C\u00edvica afirm\u00f3 que \u201cun mal juez empobrece a todo el pa\u00eds, nos vuelve menos confiables\u201d.<\/p>\n\n\n\n<p>\u201cLas instituciones se defienden cuando te conviene y cuando no te conviene. Ojal\u00e1 los que abandonaron el republicanismo puedan volver alg\u00fan d\u00eda\u201d, finaliz\u00f3 el legislador de la Ciudad.<\/p>\n\n\n\n<p>Los denunciantes acusan al juez de mal desempe\u00f1o y posible comisi\u00f3n de delitos en el ejercicio de sus funciones por haber dispuesto la medida cautelar que para la oposici\u00f3n, juristas y colegios de abogados supone una flagrante violaci\u00f3n de un derecho humano como es la libertad de expresi\u00f3n, en el marco del esc\u00e1ndalo de presunta corrupci\u00f3n por cobro de coimas en la Agencia Nacional de Discapacidad (ANDIS).<\/p>\n\n\n\n<p>En el tr\u00e1mite abierto ante el Consejo de la Magistratura se solicita la apertura del procedimiento de acusaci\u00f3n, suspensi\u00f3n en el cargo y requerimiento de destituci\u00f3n.<\/p>\n\n\n\n<p>Para la Coalici\u00f3n C\u00edvica, la prohibici\u00f3n de la difusi\u00f3n de chats, fotos, audios y videos de Karina Milei en cualquier medio o red social representa \u201clisa y llanamente un acto de censura previa contra la prensa y en consecuencia, el avasallamiento del derecho constitucional y convencional a la libertad de expresi\u00f3n y acceso a la informaci\u00f3n p\u00fablica\u201d.<\/p>\n\n\n\n<p>Sdem\u00e1s, los tres dirigentes opositores se\u00f1alan una posible relaci\u00f3n de connivencia con el secretario de Justicia de la Naci\u00f3n, Sebasti\u00e1n Amerio, para encubrir procesos penales y disciplinarios abiertos contra Maraniello en el Consejo de la Magistratura y la justicia federal, lo que de confirmarse perpetrar\u00eda una violaci\u00f3n de la independencia judicial y de la divisi\u00f3n de poderes.<\/p>\n\n\n\n<p>Se suma adem\u00e1s que, Carri\u00f3, Campagnoli y Reyes denuncian que Maraniello es socio fundador y presidente de la Asociaci\u00f3n Argentina de Justicia Constitucional (AAJC), una instituci\u00f3n que \u201cresultar\u00eda formar parte de una supuesta red de tr\u00e1fico de influencias dentro del Poder Judicial de la Naci\u00f3n\u201d.<\/p>\n\n\n\n<p>\u00abA tal punto, que cuenta con importantes \u2018auspiciantes\u2019 incompatibles con el ejercicio de la magistratura y en particular, con el fuero al que pertenece Marianello, tal es el caso de los Laboratorios HLB Pharma\u201d y \u201cRamallo\u201c, destacaron en la denuncia.<\/p>\n\n\n\n<p>Estos laboratorios est\u00e1n implicados en otra trama de corrupci\u00f3n vinculada a la producci\u00f3n y comercializaci\u00f3n de lotes de fentanilo contaminado, que provocaron cerca de un centenar de muertes.<\/p>\n\n\n\n<p>Detallaron adem\u00e1s en la presentaci\u00f3n que el magistrado acumula cinco denuncias ante el Consejo de la Magistratura y la C\u00e1mara Civil y Comercial Federal por abuso moral, sexual y violencia de g\u00e9nero, iniciadas por personal de su juzgado.<\/p>\n\n\n\n<p>\u201cEstamos frente a un magistrado que ha violado su deber de imparcialidad, ha ignorado deliberadamente el derecho vigente, ha abusado de su autoridad en perjuicio de subalternos y ha menoscabado con sus actos la confianza p\u00fablica en la Justicia\u201d, finalizaron.<\/p>\n","protected":false},"excerpt":{"rendered":"<p>Elisa Carri&oacute;, la diputada nacional Marcela Campagnoli y el legislador porte&ntilde;o Hern&aacute;n Reyes presentaron una denuncia ante el Consejo de la Magistratura para pedir el juicio pol&iacute;tico del juez federal Alejandro Patricio Maraniello, por haber dictado una medida cautelar que permiti&oacute; la censura previa sobre la difusi&oacute;n de los audios de la secretaria general de [&hellip;]<\/p>\n","protected":false},"author":2,"featured_media":28567,"comment_status":"closed","ping_status":"closed","sticky":false,"template":"","format":"standard","meta":{"footnotes":""},"categories":[979,5,176],"tags":[6717,2183,1591,6716,6719,890,263,6718,666],"class_list":["post-28566","post","type-post","status-publish","format-standard","has-post-thumbnail","hentry","category-judiciales","category-nacionales","category-politica","tag-alejandro-patricio-maraniello","tag-audios","tag-coalicion-civica","tag-eliosa-carrio","tag-hernan-reyes","tag-juicio","tag-karina-milei","tag-marcela-campagnoli","tag-politico"],"_links":{"self":[{"href":"https:\/\/partediario.com.ar\/index.php?rest_route=\/wp\/v2\/posts\/28566","targetHints":{"allow":["GET"]}}],"collection":[{"href":"https:\/\/partediario.com.ar\/index.php?rest_route=\/wp\/v2\/posts"}],"about":[{"href":"https:\/\/partediario.com.ar\/index.php?rest_route=\/wp\/v2\/types\/post"}],"author":[{"embeddable":true,"href":"https:\/\/partediario.com.ar\/index.php?rest_route=\/wp\/v2\/users\/2"}],"replies":[{"embeddable":true,"href":"https:\/\/partediario.com.ar\/index.php?rest_route=%2Fwp%2Fv2%2Fcomments&post=28566"}],"version-history":[{"count":1,"href":"https:\/\/partediario.com.ar\/index.php?rest_route=\/wp\/v2\/posts\/28566\/revisions"}],"predecessor-version":[{"id":28568,"href":"https:\/\/partediario.com.ar\/index.php?rest_route=\/wp\/v2\/posts\/28566\/revisions\/28568"}],"wp:featuredmedia":[{"embeddable":true,"href":"https:\/\/partediario.com.ar\/index.php?rest_route=\/wp\/v2\/media\/28567"}],"wp:attachment":[{"href":"https:\/\/partediario.com.ar\/index.php?rest_route=%2Fwp%2Fv2%2Fmedia&parent=28566"}],"wp:term":[{"taxonomy":"category","embeddable":true,"href":"https:\/\/partediario.com.ar\/index.php?rest_route=%2Fwp%2Fv2%2Fcategories&post=28566"},{"taxonomy":"post_tag","embeddable":true,"href":"https:\/\/partediario.com.ar\/index.php?rest_route=%2Fwp%2Fv2%2Ftags&post=28566"}],"curies":[{"name":"wp","href":"https:\/\/api.w.org\/{rel}","templated":true}]}}