{"id":28569,"date":"2025-09-05T18:56:54","date_gmt":"2025-09-05T21:56:54","guid":{"rendered":"https:\/\/partediario.com.ar\/?p=28569"},"modified":"2025-09-06T18:29:24","modified_gmt":"2025-09-06T21:29:24","slug":"la-junta-electoral-bonaerense-marco-las-pautas-del-escrutinio-provisorio-los-resultados-se-conoceran-a-partir-de-las-21","status":"publish","type":"post","link":"https:\/\/partediario.com.ar\/?p=28569","title":{"rendered":"La Junta Electoral bonaerense marco las pautas del escrutinio provisorio: los resultados se conocer\u00e1n a partir de las 21"},"content":{"rendered":"\n<h2 class=\"wp-block-heading\">La Junta Electoral de la provincia de Buenos Aires aprob\u00f3 los requisitos y condiciones del escrutinio provisorio de las elecciones provinciales del pr\u00f3ximo domingo 7 de septiembre, cuyos primeros resultados podr\u00e1n difundirse reci\u00e9n desde las 21 o cuando se supere el 30% de las mesas escrutadas en cada secci\u00f3n electoral.<\/h2>\n\n\n\n<p>De acuerdo a informaci\u00f3n brindada desde el organismo en un comunicado, los resultados ser\u00e1n publicados en el Centro de Difusi\u00f3n dispuesto por el Poder Ejecutivo provincial, en un sitio web oficial que se habilitar\u00e1 a tal efecto, y por los dem\u00e1s medios que oportunamente se establezcan.<\/p>\n\n\n\n<p>La disposici\u00f3n establece que el acceso al Centro de Difusi\u00f3n estar\u00e1 limitado a sujetos acreditados por el Poder Ejecutivo, entre ellos medios de prensa, representantes partidarios, visitantes electorales extranjeros y organizaciones de la sociedad civil.<\/p>\n\n\n\n<p>Tambi\u00e9n se resolvi\u00f3 que el Ministerio de Gobierno bonaerense estar\u00e1 a cargo del dise\u00f1o, organizaci\u00f3n, procesamiento y c\u00f3mputo del escrutinio provisorio, as\u00ed como de la contrataci\u00f3n de los prestadores de servicios necesarios. En tanto, la Junta Electoral tendr\u00e1 a su cargo el escrutinio definitivo, que se iniciar\u00e1 el 13 de septiembre a las 8.<\/p>\n\n\n\n<p>La resoluci\u00f3n 162\/25 fija pautas adem\u00e1s para el recuento provisional de resultados, la confecci\u00f3n y transmisi\u00f3n de los telegramas de escrutinio, la digitalizaci\u00f3n de la documentaci\u00f3n y la trazabilidad de los env\u00edos, todos pasos que podr\u00e1n ser fiscalizados por las fuerzas pol\u00edticas, que tendr\u00e1n adem\u00e1s acceso al software del escrutinio.<\/p>\n\n\n\n<p>El esquema de control estar\u00e1 integrado por la Junta Electoral, el gobierno provincial y el juzgado federal electoral, este \u00faltimo en car\u00e1cter de colaborador. El domingo, el Ministerio de Gobierno habilitar\u00e1 un espacio en la Casa de Gobierno bonaerense para que los medios puedan seguir en directo las alternativas de la carga de resultados.<\/p>\n\n\n\n<p>Para conocer datos \u00fatiles sobre la elecci\u00f3n bonaerense se puede acceder a <a href=\"http:\/\/eleccionesbonaerenses.gba.gob.ar\/preguntas-frecuentes\">eleccionesbonaerenses.gba.gob.ar\/preguntas-frecuentes<\/a> o al sitio web de La Junta Electoral provincial.<\/p>\n","protected":false},"excerpt":{"rendered":"<p>La Junta Electoral de la provincia de Buenos Aires aprob&oacute; los requisitos y condiciones del escrutinio provisorio de las elecciones provinciales del pr&oacute;ximo domingo 7 de septiembre, cuyos primeros resultados podr&aacute;n difundirse reci&eacute;n desde las 21 o cuando se supere el 30% de las mesas escrutadas en cada secci&oacute;n electoral. De acuerdo a informaci&oacute;n brindada [&hellip;]<\/p>\n","protected":false},"author":2,"featured_media":28570,"comment_status":"closed","ping_status":"closed","sticky":false,"template":"","format":"standard","meta":{"footnotes":""},"categories":[176,8],"tags":[5750,1955,1925,6721,4007,6722],"class_list":["post-28569","post","type-post","status-publish","format-standard","has-post-thumbnail","hentry","category-politica","category-provinciales","tag-bonaerense","tag-elecciones","tag-electoral","tag-escrutinio","tag-junta","tag-provisorio"],"_links":{"self":[{"href":"https:\/\/partediario.com.ar\/index.php?rest_route=\/wp\/v2\/posts\/28569","targetHints":{"allow":["GET"]}}],"collection":[{"href":"https:\/\/partediario.com.ar\/index.php?rest_route=\/wp\/v2\/posts"}],"about":[{"href":"https:\/\/partediario.com.ar\/index.php?rest_route=\/wp\/v2\/types\/post"}],"author":[{"embeddable":true,"href":"https:\/\/partediario.com.ar\/index.php?rest_route=\/wp\/v2\/users\/2"}],"replies":[{"embeddable":true,"href":"https:\/\/partediario.com.ar\/index.php?rest_route=%2Fwp%2Fv2%2Fcomments&post=28569"}],"version-history":[{"count":1,"href":"https:\/\/partediario.com.ar\/index.php?rest_route=\/wp\/v2\/posts\/28569\/revisions"}],"predecessor-version":[{"id":28571,"href":"https:\/\/partediario.com.ar\/index.php?rest_route=\/wp\/v2\/posts\/28569\/revisions\/28571"}],"wp:featuredmedia":[{"embeddable":true,"href":"https:\/\/partediario.com.ar\/index.php?rest_route=\/wp\/v2\/media\/28570"}],"wp:attachment":[{"href":"https:\/\/partediario.com.ar\/index.php?rest_route=%2Fwp%2Fv2%2Fmedia&parent=28569"}],"wp:term":[{"taxonomy":"category","embeddable":true,"href":"https:\/\/partediario.com.ar\/index.php?rest_route=%2Fwp%2Fv2%2Fcategories&post=28569"},{"taxonomy":"post_tag","embeddable":true,"href":"https:\/\/partediario.com.ar\/index.php?rest_route=%2Fwp%2Fv2%2Ftags&post=28569"}],"curies":[{"name":"wp","href":"https:\/\/api.w.org\/{rel}","templated":true}]}}