{"id":2859,"date":"2024-06-19T08:54:03","date_gmt":"2024-06-19T11:54:03","guid":{"rendered":"https:\/\/partediario.com.ar\/?p=2859"},"modified":"2024-06-19T08:54:05","modified_gmt":"2024-06-19T11:54:05","slug":"el-pronostico-del-clima-en-entre-rios-nubosidad-en-aumento-y-posibilidad-de-inestabilidades","status":"publish","type":"post","link":"https:\/\/partediario.com.ar\/?p=2859","title":{"rendered":"El pron\u00f3stico del clima en Entre R\u00edos: nubosidad en aumento y posibilidad de inestabilidades"},"content":{"rendered":"\n<p><strong>En la semana se mantienen las condiciones de gran humedad y temperaturas algo altas para esta \u00e9poca del a\u00f1o. Para cu\u00e1ndo hay probabilidad de inestabilidades y qu\u00e9 d\u00eda bajar\u00edan los registros t\u00e9rmicos.<\/strong><\/p>\n\n\n\n<p>El tiempo nuboso y h\u00famedo continuar\u00e1 durante esta jornada en Entre R\u00edos, y no se descartan algunas precipitaciones aisladas, mientras que la temperatura m\u00e1xima alcanzar\u00eda los 22 grados.<\/p>\n\n\n\n<p>El jueves se presentar\u00e1 con cielo algo nublado hasta la tarde, cuando podr\u00edan comenzar a producirse algunos chaparrones con registros t\u00e9rmicos que durante las ma\u00f1ana estar\u00e1n entre los 12 y 15 grados, mientras que a la tarde podr\u00edan rondar los 20 grados.<\/p>\n\n\n\n<p>Mientras que el viernes tambi\u00e9n arrancar\u00eda con inestabilidad y baja probabilidad de algunas tormentas asiladas. Los registros t\u00e9rmicos en los term\u00f3metros ser\u00edan similares a los de la jornada anterior.<\/p>\n\n\n\n<p>El fin de semana estar\u00eda mayormente nublado y para el domingo se anuncia un importante descenso en las temperaturas que no podr\u00edan llegar a los 17 grados en Entre R\u00edos.<\/p>\n\n\n\n<p><\/p>\n\n\n\n<figure class=\"wp-block-image size-full\"><img loading=\"lazy\" decoding=\"async\" width=\"683\" height=\"557\" src=\"https:\/\/partediario.com.ar\/wp-content\/uploads\/scrnli_19_6_2024_8-52-37.png\" alt=\"\" class=\"wp-image-2860\" srcset=\"https:\/\/partediario.com.ar\/wp-content\/uploads\/scrnli_19_6_2024_8-52-37.png 683w, https:\/\/partediario.com.ar\/wp-content\/uploads\/scrnli_19_6_2024_8-52-37-300x245.png 300w\" sizes=\"auto, (max-width: 683px) 100vw, 683px\" \/><\/figure>\n\n\n\n<p><\/p>\n","protected":false},"excerpt":{"rendered":"<p>En la semana se mantienen las condiciones de gran humedad y temperaturas algo altas para esta &eacute;poca del a&ntilde;o. Para cu&aacute;ndo hay probabilidad de inestabilidades y qu&eacute; d&iacute;a bajar&iacute;an los registros t&eacute;rmicos. El tiempo nuboso y h&uacute;medo continuar&aacute; durante esta jornada en Entre R&iacute;os, y no se descartan algunas precipitaciones aisladas, mientras que la temperatura [&hellip;]<\/p>\n","protected":false},"author":2,"featured_media":2861,"comment_status":"open","ping_status":"open","sticky":false,"template":"","format":"standard","meta":{"footnotes":""},"categories":[8],"tags":[267,257,620],"class_list":["post-2859","post","type-post","status-publish","format-standard","has-post-thumbnail","hentry","category-provinciales","tag-clima","tag-entre-rios","tag-inestabilidades"],"_links":{"self":[{"href":"https:\/\/partediario.com.ar\/index.php?rest_route=\/wp\/v2\/posts\/2859","targetHints":{"allow":["GET"]}}],"collection":[{"href":"https:\/\/partediario.com.ar\/index.php?rest_route=\/wp\/v2\/posts"}],"about":[{"href":"https:\/\/partediario.com.ar\/index.php?rest_route=\/wp\/v2\/types\/post"}],"author":[{"embeddable":true,"href":"https:\/\/partediario.com.ar\/index.php?rest_route=\/wp\/v2\/users\/2"}],"replies":[{"embeddable":true,"href":"https:\/\/partediario.com.ar\/index.php?rest_route=%2Fwp%2Fv2%2Fcomments&post=2859"}],"version-history":[{"count":1,"href":"https:\/\/partediario.com.ar\/index.php?rest_route=\/wp\/v2\/posts\/2859\/revisions"}],"predecessor-version":[{"id":2862,"href":"https:\/\/partediario.com.ar\/index.php?rest_route=\/wp\/v2\/posts\/2859\/revisions\/2862"}],"wp:featuredmedia":[{"embeddable":true,"href":"https:\/\/partediario.com.ar\/index.php?rest_route=\/wp\/v2\/media\/2861"}],"wp:attachment":[{"href":"https:\/\/partediario.com.ar\/index.php?rest_route=%2Fwp%2Fv2%2Fmedia&parent=2859"}],"wp:term":[{"taxonomy":"category","embeddable":true,"href":"https:\/\/partediario.com.ar\/index.php?rest_route=%2Fwp%2Fv2%2Fcategories&post=2859"},{"taxonomy":"post_tag","embeddable":true,"href":"https:\/\/partediario.com.ar\/index.php?rest_route=%2Fwp%2Fv2%2Ftags&post=2859"}],"curies":[{"name":"wp","href":"https:\/\/api.w.org\/{rel}","templated":true}]}}