{"id":28594,"date":"2025-09-07T18:31:36","date_gmt":"2025-09-07T21:31:36","guid":{"rendered":"https:\/\/partediario.com.ar\/?p=28594"},"modified":"2025-09-08T10:26:48","modified_gmt":"2025-09-08T13:26:48","slug":"pareja-celebro-el-ejercito-de-45-mil-fiscales-y-denuncio-trapisondas-de-la-vieja-politica","status":"publish","type":"post","link":"https:\/\/partediario.com.ar\/?p=28594","title":{"rendered":"Pareja celebr\u00f3 el \u00abej\u00e9rcito\u00bb de 45 mil fiscales y denunci\u00f3 \u00abtrapisondas\u00bb de la \u00abvieja pol\u00edtica\u00bb"},"content":{"rendered":"\n<h2 class=\"wp-block-heading\">Poco despu\u00e9s del cierre de los comicios en la provincia de Buenos Aires, el principal armador de La Libertad Avanza (LLA), Sebasti\u00e1n Pareja, dio la primera declaraci\u00f3n oficial desde el b\u00fanker libertario. Evit\u00f3 dar resultados, pero se mostr\u00f3 \u00abmuy contento\u00bb y remarc\u00f3 el masivo operativo de fiscalizaci\u00f3n: \u00abPusimos en la cancha un ej\u00e9rcito de 45.717 fiscales\u00bb, precis\u00f3.<\/h2>\n\n\n\n<p>Pareja asegur\u00f3 que LLA \u00abha crecido una barbaridad\u00bb y que el partido demostr\u00f3 que \u00abest\u00e1 prepar\u00e1ndose para gobernar la provincia\u00bb. Seg\u00fan trascendi\u00f3, el armador libertario (quien habl\u00f3 antes de las 21:00, por lo que no puede dar datos), se bas\u00f3 en denunciar irregularidades que, seg\u00fan \u00e9l, sufrieron durante la jornada.<\/p>\n\n\n\n<p>El dirigente de LLA apunt\u00f3 contra las \u00abtrapisondas de la vieja pol\u00edtica donde siempre se intenta enga\u00f1ar al electorado\u00bb, e incluy\u00f3 en esa categor\u00eda delitos electorales como \u00abromper boleta\u00bb y \u00abrobar boleta\u00bb.<\/p>\n\n\n\n<p>Pareja insisti\u00f3 en que, a pesar de esos intentos, el despliegue de fiscales los hace sentir \u00abm\u00e1s respaldados\u00bb y solicit\u00f3 aguardar los primeros c\u00f3mputos. Sobre la posible presencia del presidente Javier Milei en el b\u00fanker para celebrar los resultados, Pareja se deslig\u00f3: \u00abNo lo s\u00e9, eso se lo tienen que preguntar al Presidente\u00bb, cerr\u00f3.<\/p>\n","protected":false},"excerpt":{"rendered":"<p>Poco despu&eacute;s del cierre de los comicios en la provincia de Buenos Aires, el principal armador de La Libertad Avanza (LLA), Sebasti&aacute;n Pareja, dio la primera declaraci&oacute;n oficial desde el b&uacute;nker libertario. Evit&oacute; dar resultados, pero se mostr&oacute; &laquo;muy contento&raquo; y remarc&oacute; el masivo operativo de fiscalizaci&oacute;n: &laquo;Pusimos en la cancha un ej&eacute;rcito de 45.717 [&hellip;]<\/p>\n","protected":false},"author":2,"featured_media":28595,"comment_status":"closed","ping_status":"closed","sticky":false,"template":"","format":"standard","meta":{"footnotes":""},"categories":[5,176],"tags":[1020,266,4611],"class_list":["post-28594","post","type-post","status-publish","format-standard","has-post-thumbnail","hentry","category-nacionales","category-politica","tag-declaracion","tag-libertad-avanza","tag-sebastian-pareja"],"_links":{"self":[{"href":"https:\/\/partediario.com.ar\/index.php?rest_route=\/wp\/v2\/posts\/28594","targetHints":{"allow":["GET"]}}],"collection":[{"href":"https:\/\/partediario.com.ar\/index.php?rest_route=\/wp\/v2\/posts"}],"about":[{"href":"https:\/\/partediario.com.ar\/index.php?rest_route=\/wp\/v2\/types\/post"}],"author":[{"embeddable":true,"href":"https:\/\/partediario.com.ar\/index.php?rest_route=\/wp\/v2\/users\/2"}],"replies":[{"embeddable":true,"href":"https:\/\/partediario.com.ar\/index.php?rest_route=%2Fwp%2Fv2%2Fcomments&post=28594"}],"version-history":[{"count":1,"href":"https:\/\/partediario.com.ar\/index.php?rest_route=\/wp\/v2\/posts\/28594\/revisions"}],"predecessor-version":[{"id":28596,"href":"https:\/\/partediario.com.ar\/index.php?rest_route=\/wp\/v2\/posts\/28594\/revisions\/28596"}],"wp:featuredmedia":[{"embeddable":true,"href":"https:\/\/partediario.com.ar\/index.php?rest_route=\/wp\/v2\/media\/28595"}],"wp:attachment":[{"href":"https:\/\/partediario.com.ar\/index.php?rest_route=%2Fwp%2Fv2%2Fmedia&parent=28594"}],"wp:term":[{"taxonomy":"category","embeddable":true,"href":"https:\/\/partediario.com.ar\/index.php?rest_route=%2Fwp%2Fv2%2Fcategories&post=28594"},{"taxonomy":"post_tag","embeddable":true,"href":"https:\/\/partediario.com.ar\/index.php?rest_route=%2Fwp%2Fv2%2Ftags&post=28594"}],"curies":[{"name":"wp","href":"https:\/\/api.w.org\/{rel}","templated":true}]}}