{"id":28603,"date":"2025-09-07T20:24:25","date_gmt":"2025-09-07T23:24:25","guid":{"rendered":"https:\/\/partediario.com.ar\/?p=28603"},"modified":"2025-09-08T10:27:25","modified_gmt":"2025-09-08T13:27:25","slug":"javier-milei-y-karina-milei-se-dirigen-al-bunker-de-lla-en-la-plata","status":"publish","type":"post","link":"https:\/\/partediario.com.ar\/?p=28603","title":{"rendered":"Javier Milei y Karina Milei se dirigen al bunker de LLA en La Plata"},"content":{"rendered":"\n<h2 class=\"wp-block-heading\">El presidente Javier Milei y su hermana, la secretaria general de la Presidencia, Karina Milei, asistir\u00e1n esta noche al b\u00fanker de La Libertad Avanza (LLA) en la localidad de Gonnet, partido de La Plata, as\u00ed lo confirmaron fuentes oficiales.<\/h2>\n\n\n\n<p>El traslado es v\u00eda terrestre, informaron desde Presidencia.<\/p>\n\n\n\n<p>El armador bonaerense de LLA, Sebasti\u00e1n Pareja, celebr\u00f3 el \u201cej\u00e9rcito\u201d de 45 mil fiscales de LLA y denunci\u00f3 \u201ctrapisondas\u201d de la \u201cvieja pol\u00edtica\u201d.<\/p>\n\n\n\n<p>Si bien evit\u00f3 dar resultados, el dirigente se mostr\u00f3 \u201cmuy contento\u201d y subray\u00f3 el masivo operativo de fiscalizaci\u00f3n, al resaltar que se puso en la cancha un ej\u00e9rcito de 45.717 fiscales.<\/p>\n","protected":false},"excerpt":{"rendered":"<p>El presidente Javier Milei y su hermana, la secretaria general de la Presidencia, Karina Milei, asistir&aacute;n esta noche al b&uacute;nker de La Libertad Avanza (LLA) en la localidad de Gonnet, partido de La Plata, as&iacute; lo confirmaron fuentes oficiales. El traslado es v&iacute;a terrestre, informaron desde Presidencia. El armador bonaerense de LLA, Sebasti&aacute;n Pareja, celebr&oacute; [&hellip;]<\/p>\n","protected":false},"author":2,"featured_media":28604,"comment_status":"closed","ping_status":"closed","sticky":false,"template":"","format":"standard","meta":{"footnotes":""},"categories":[5,176],"tags":[721,6739,1955,6740,232,263,2929],"class_list":["post-28603","post","type-post","status-publish","format-standard","has-post-thumbnail","hentry","category-nacionales","category-politica","tag-buenos-aires","tag-bunker","tag-elecciones","tag-gonnet","tag-javier-milei","tag-karina-milei","tag-la-plata"],"_links":{"self":[{"href":"https:\/\/partediario.com.ar\/index.php?rest_route=\/wp\/v2\/posts\/28603","targetHints":{"allow":["GET"]}}],"collection":[{"href":"https:\/\/partediario.com.ar\/index.php?rest_route=\/wp\/v2\/posts"}],"about":[{"href":"https:\/\/partediario.com.ar\/index.php?rest_route=\/wp\/v2\/types\/post"}],"author":[{"embeddable":true,"href":"https:\/\/partediario.com.ar\/index.php?rest_route=\/wp\/v2\/users\/2"}],"replies":[{"embeddable":true,"href":"https:\/\/partediario.com.ar\/index.php?rest_route=%2Fwp%2Fv2%2Fcomments&post=28603"}],"version-history":[{"count":1,"href":"https:\/\/partediario.com.ar\/index.php?rest_route=\/wp\/v2\/posts\/28603\/revisions"}],"predecessor-version":[{"id":28605,"href":"https:\/\/partediario.com.ar\/index.php?rest_route=\/wp\/v2\/posts\/28603\/revisions\/28605"}],"wp:featuredmedia":[{"embeddable":true,"href":"https:\/\/partediario.com.ar\/index.php?rest_route=\/wp\/v2\/media\/28604"}],"wp:attachment":[{"href":"https:\/\/partediario.com.ar\/index.php?rest_route=%2Fwp%2Fv2%2Fmedia&parent=28603"}],"wp:term":[{"taxonomy":"category","embeddable":true,"href":"https:\/\/partediario.com.ar\/index.php?rest_route=%2Fwp%2Fv2%2Fcategories&post=28603"},{"taxonomy":"post_tag","embeddable":true,"href":"https:\/\/partediario.com.ar\/index.php?rest_route=%2Fwp%2Fv2%2Ftags&post=28603"}],"curies":[{"name":"wp","href":"https:\/\/api.w.org\/{rel}","templated":true}]}}