{"id":28616,"date":"2025-09-08T10:01:31","date_gmt":"2025-09-08T13:01:31","guid":{"rendered":"https:\/\/partediario.com.ar\/?p=28616"},"modified":"2025-09-09T19:23:05","modified_gmt":"2025-09-09T22:23:05","slug":"los-gobernadores-de-provincias-unidas-califican-la-eleccion-como-un-llamado-de-atencion-al-gobierno","status":"publish","type":"post","link":"https:\/\/partediario.com.ar\/?p=28616","title":{"rendered":"Los gobernadores de Provincias Unidas califican la elecci\u00f3n como un \u00abllamado de atenci\u00f3n\u00bb al Gobierno"},"content":{"rendered":"\n<h2 class=\"wp-block-heading\">Los gobernadores de C\u00f3rdoba, Mart\u00edn Llaryora, de Santa Fe, Maximiliano Pullaro, y de Chubut, Ignacio \u201cNacho\u201d Torres, los tres l\u00edderes del espacio Provincias Unidas, hicieron referencia al rev\u00e9s La Libertad Avanza protagoniz\u00f3 en las elecciones bonaerenses y hablaron de un \u201cclaro llamado de atenci\u00f3n que el Gobierno nacional debe atender\u201d.<\/h2>\n\n\n\n<p>\u201cEn las sucesivas elecciones provinciales se advierte un claro llamado de atenci\u00f3n que el Gobierno nacional debe atender. Sin gesti\u00f3n, no hay futuro\u201d, expresaron los tres mandatarios en la red social X, en un mensaje unificado.<\/p>\n\n\n\n<p>\u00abDejemos atr\u00e1s el pasado. El futuro es con producci\u00f3n, trabajo y transparencia. El futuro es con sentido com\u00fan. Los sue\u00f1os de todos est\u00e1n ah\u00ed\u00bb, indicaron.<\/p>\n\n\n\n<p>Llaryora a\u00f1adi\u00f3 que \u201clos argentinos queremos crecer y desarrollarnos con seguridad y en paz\u201d.<\/p>\n\n\n\n<p>\u201cPero las familias no llegan a fin de mes, y con discursos de confrontaci\u00f3n y divisi\u00f3n, no se resuelven los problemas\u201d, apunt\u00f3 el cordob\u00e9s.<\/p>\n\n\n\n<p>Por su parte, Pullaro remarc\u00f3 que \u201cla gente no quiere m\u00e1s gritos, quiere hechos\u201d.<\/p>\n\n\n\n<p>\u201cLos argentinos queremos crecer y desarrollarnos con seguridad y en paz. Desde el interior productivo tenemos mucho para decir y, sobre todo, mucho para HACER\u201d, destac\u00f3 el santafesino.<\/p>\n\n\n\n<p>Mientras que Torres, consider\u00f3 que la ciudadan\u00eda \u201cle exige al Gobierno nacional m\u00e1s humildad para escuchar al interior que produce, que genera y que trabaja todos los d\u00edas para sacar el pa\u00eds adelante\u201d.<\/p>\n\n\n\n<p>\u201cHoy, m\u00e1s que nunca, es tiempo de dejar de lado las peleas inconducentes, los insultos y las agresiones, y construir, de una vez por todas, una verdadera agenda de desarrollo federal\u201d, finaliz\u00f3 el chubutense.<\/p>\n","protected":false},"excerpt":{"rendered":"<p>Los gobernadores de C&oacute;rdoba, Mart&iacute;n Llaryora, de Santa Fe, Maximiliano Pullaro, y de Chubut, Ignacio &ldquo;Nacho&rdquo; Torres, los tres l&iacute;deres del espacio Provincias Unidas, hicieron referencia al rev&eacute;s La Libertad Avanza protagoniz&oacute; en las elecciones bonaerenses y hablaron de un &ldquo;claro llamado de atenci&oacute;n que el Gobierno nacional debe atender&rdquo;. &ldquo;En las sucesivas elecciones provinciales [&hellip;]<\/p>\n","protected":false},"author":2,"featured_media":28617,"comment_status":"closed","ping_status":"closed","sticky":false,"template":"","format":"standard","meta":{"footnotes":""},"categories":[5,176],"tags":[3363,2530,1023,224,1767,6742,1138,1107,1725,6574],"class_list":["post-28616","post","type-post","status-publish","format-standard","has-post-thumbnail","hentry","category-nacionales","category-politica","tag-atencion","tag-carlos-sadir","tag-gobernadores","tag-gobierno","tag-ignacio-torres","tag-llamado","tag-martin-llaryora","tag-maximiliano-pullaro","tag-nacional","tag-provincias-unidas"],"_links":{"self":[{"href":"https:\/\/partediario.com.ar\/index.php?rest_route=\/wp\/v2\/posts\/28616","targetHints":{"allow":["GET"]}}],"collection":[{"href":"https:\/\/partediario.com.ar\/index.php?rest_route=\/wp\/v2\/posts"}],"about":[{"href":"https:\/\/partediario.com.ar\/index.php?rest_route=\/wp\/v2\/types\/post"}],"author":[{"embeddable":true,"href":"https:\/\/partediario.com.ar\/index.php?rest_route=\/wp\/v2\/users\/2"}],"replies":[{"embeddable":true,"href":"https:\/\/partediario.com.ar\/index.php?rest_route=%2Fwp%2Fv2%2Fcomments&post=28616"}],"version-history":[{"count":1,"href":"https:\/\/partediario.com.ar\/index.php?rest_route=\/wp\/v2\/posts\/28616\/revisions"}],"predecessor-version":[{"id":28618,"href":"https:\/\/partediario.com.ar\/index.php?rest_route=\/wp\/v2\/posts\/28616\/revisions\/28618"}],"wp:featuredmedia":[{"embeddable":true,"href":"https:\/\/partediario.com.ar\/index.php?rest_route=\/wp\/v2\/media\/28617"}],"wp:attachment":[{"href":"https:\/\/partediario.com.ar\/index.php?rest_route=%2Fwp%2Fv2%2Fmedia&parent=28616"}],"wp:term":[{"taxonomy":"category","embeddable":true,"href":"https:\/\/partediario.com.ar\/index.php?rest_route=%2Fwp%2Fv2%2Fcategories&post=28616"},{"taxonomy":"post_tag","embeddable":true,"href":"https:\/\/partediario.com.ar\/index.php?rest_route=%2Fwp%2Fv2%2Ftags&post=28616"}],"curies":[{"name":"wp","href":"https:\/\/api.w.org\/{rel}","templated":true}]}}