{"id":28629,"date":"2025-09-09T17:36:54","date_gmt":"2025-09-09T20:36:54","guid":{"rendered":"https:\/\/partediario.com.ar\/?p=28629"},"modified":"2025-09-10T19:42:59","modified_gmt":"2025-09-10T22:42:59","slug":"javier-milei-compartio-en-redes-una-foto-con-martin-menem-en-medio-de-la-polemica-por-el-saludo","status":"publish","type":"post","link":"https:\/\/partediario.com.ar\/?p=28629","title":{"rendered":"Javier Milei comparti\u00f3 en redes una foto con Mart\u00edn Menem en medio de la pol\u00e9mica por el saludo"},"content":{"rendered":"\n<h2 class=\"wp-block-heading\">El presidente Javier Milei comparti\u00f3 en redes una foto del abrazo con el titular de la C\u00e1mara de Senadores, Mart\u00edn Menem, luego de la pol\u00e9mica que se gener\u00f3 por el saludo de manos entre ambos libertarios que tuvo lugar el pasado domingo en el b\u00fanker de La Libertad Avanza.<\/h2>\n\n\n\n<p>A pesar de las cr\u00edticas internas que apuntan el clan Menem, integrado por Mart\u00edn y su primo Eduardo \u00abLule\u00bb Menem, mano derecha de la secretaria general de la Presidencia, Karina Milei, tras la derrota electoral en territorio bonaerense, el presidente ratific\u00f3 sus lazos con el legislador violeta que preside la C\u00e1mara Baja.<\/p>\n\n\n\n<p>A trav\u00e9s de su cuenta de Instagram, el legislador decidi\u00f3 dar por terminado el ruido interno al compartir una foto en sus historias que subi\u00f3 el propio Menem. \u00abIncondicional\u00bb, manifest\u00f3 para describir el retrato del momento exacto en el que el Presidente lo abraz\u00f3 al subir al escenario para pronunciar el discurso final, luego de conocerse la abultada ventaja de 13 puntos que impuso a Fuerza Patria en la elecci\u00f3n provincial.<\/p>\n\n\n\n<p>El fr\u00edo contacto final entre Javier Milei y Mart\u00edn Menem despert\u00f3 pol\u00e9micas en las redes sociales que inmediatamente interpretaron el gesto como una se\u00f1al de desaprobaci\u00f3n de parte del presidente.<\/p>\n\n\n\n<p>No obstante, el pasado lunes se lo vio al titular de la C\u00e1mara de Diputados participar de las dos reuniones de Gabinete y fue inclu\u00eddo por Milei para integrar este martes la mesa pol\u00edtica reducida que opt\u00f3 por reeditar la administraci\u00f3n.<\/p>\n","protected":false},"excerpt":{"rendered":"<p>El presidente Javier Milei comparti&oacute; en redes una foto del abrazo con el titular de la C&aacute;mara de Senadores, Mart&iacute;n Menem, luego de la pol&eacute;mica que se gener&oacute; por el saludo de manos entre ambos libertarios que tuvo lugar el pasado domingo en el b&uacute;nker de La Libertad Avanza. A pesar de las cr&iacute;ticas internas [&hellip;]<\/p>\n","protected":false},"author":2,"featured_media":28630,"comment_status":"closed","ping_status":"closed","sticky":false,"template":"","format":"standard","meta":{"footnotes":""},"categories":[5,176],"tags":[4979,232,262],"class_list":["post-28629","post","type-post","status-publish","format-standard","has-post-thumbnail","hentry","category-nacionales","category-politica","tag-abrazo","tag-javier-milei","tag-martin-menem"],"_links":{"self":[{"href":"https:\/\/partediario.com.ar\/index.php?rest_route=\/wp\/v2\/posts\/28629","targetHints":{"allow":["GET"]}}],"collection":[{"href":"https:\/\/partediario.com.ar\/index.php?rest_route=\/wp\/v2\/posts"}],"about":[{"href":"https:\/\/partediario.com.ar\/index.php?rest_route=\/wp\/v2\/types\/post"}],"author":[{"embeddable":true,"href":"https:\/\/partediario.com.ar\/index.php?rest_route=\/wp\/v2\/users\/2"}],"replies":[{"embeddable":true,"href":"https:\/\/partediario.com.ar\/index.php?rest_route=%2Fwp%2Fv2%2Fcomments&post=28629"}],"version-history":[{"count":1,"href":"https:\/\/partediario.com.ar\/index.php?rest_route=\/wp\/v2\/posts\/28629\/revisions"}],"predecessor-version":[{"id":28631,"href":"https:\/\/partediario.com.ar\/index.php?rest_route=\/wp\/v2\/posts\/28629\/revisions\/28631"}],"wp:featuredmedia":[{"embeddable":true,"href":"https:\/\/partediario.com.ar\/index.php?rest_route=\/wp\/v2\/media\/28630"}],"wp:attachment":[{"href":"https:\/\/partediario.com.ar\/index.php?rest_route=%2Fwp%2Fv2%2Fmedia&parent=28629"}],"wp:term":[{"taxonomy":"category","embeddable":true,"href":"https:\/\/partediario.com.ar\/index.php?rest_route=%2Fwp%2Fv2%2Fcategories&post=28629"},{"taxonomy":"post_tag","embeddable":true,"href":"https:\/\/partediario.com.ar\/index.php?rest_route=%2Fwp%2Fv2%2Ftags&post=28629"}],"curies":[{"name":"wp","href":"https:\/\/api.w.org\/{rel}","templated":true}]}}