{"id":28634,"date":"2025-09-09T18:57:11","date_gmt":"2025-09-09T21:57:11","guid":{"rendered":"https:\/\/partediario.com.ar\/?p=28634"},"modified":"2025-09-10T19:42:54","modified_gmt":"2025-09-10T22:42:54","slug":"una-legisladora-argentina-que-navega-rumbo-a-gaza-denuncio-el-ataque-a-la-flotilla-humanitaria","status":"publish","type":"post","link":"https:\/\/partediario.com.ar\/?p=28634","title":{"rendered":"Una legisladora argentina que navega rumbo a Gaza denunci\u00f3 el ataque a la Flotilla humanitaria"},"content":{"rendered":"\n<h2 class=\"wp-block-heading\">Cele Fierro, ex diputada de CABA del MST en el Frente de Izquierda Unidad y representante de la Liga Internacional Socialista (LIS), en la Flotilla Global Sumud que navega a Gaza, repudi\u00f3 este martes lo que calific\u00f3 como el ataque de un dron contra uno de los barcos y destac\u00f3 que nada detendr\u00e1 la misi\u00f3n humanitaria.<\/h2>\n\n\n\n<p>Desde su embarcaci\u00f3n que en estos momentos se dirige hacia T\u00fanez, Cele Fierro manifest\u00f3: \u201cEste ataque totalmente inaceptable a la embarcaci\u00f3n Family, donde viajan Greta y Thiago, es un intento m\u00e1s del sionismo de amedrentarnos a todos los activistas que estamos llevando ayuda humanitaria hacia Gaza, aunque el Ministerio del Interior de T\u00fanez ahora quiera simular que no pas\u00f3 nada, diciendo que solo fue un incendio\u201d.<\/p>\n\n\n\n<p>\u201cLa verdad de lo que pasa es muy clara; el Estado sionista se empieza a sentir acorralado por todos lados, por la solidaridad a nivel internacional que no para de crecer y pretende frenar esta misi\u00f3n que est\u00e1 siendo apoyada en todo el mundo para romper el bloqueo criminal que le perpet\u00faan al pueblo palestino\u201d, apunt\u00f3.<\/p>\n\n\n\n<p>En una gacetilla Fierro agreg\u00f3: \u201cHagan lo que hagan no nos van a frenar y el apoyo social a esta flotilla sigue creciendo. Llevamos con nosotros todo el apoyo de los pueblos del mundo que se rebelan contra este genocidio y defienden al pueblo palestino\u201d.<\/p>\n\n\n\n<p>La cordobesa Fierro -que vive en la CABA- se\u00f1al\u00f3: \u201cEste acto de total cobard\u00eda, en el que adem\u00e1s violaron el espacio a\u00e9reo tunecino, solo confirma que el gobierno de Netanyahu ya no tiene forma de ocultar la barbarie que est\u00e1 cometiendo y no puede hacer m\u00e1s que huir hacia adelante\u201d.<\/p>\n\n\n\n<p>\u201cPor eso es important\u00edsimo que en todos lados se siga visibilizando esta acci\u00f3n que estamos llevando adelante, se sigan haciendo acciones de apoyo en todo el mundo y se contin\u00fae sumando fuerza en todas partes para la causa del pueblo palestino. Hay que exigirles a todos los gobiernos de cada pa\u00eds, que denuncien la agresi\u00f3n a la embarcaci\u00f3n de la Flotilla y que rompan ahora mismo relaciones con el Estado genocida de Israel\u201d, subray\u00f3 la representante del MST.<\/p>\n\n\n\n<p>Cele Fierro desempe\u00f1\u00f3 el cargo de diputada en la Legislatura de la Ciudad Aut\u00f3noma de Buenos Aires entre el 10 de diciembre de 2023 y el 12 de diciembre de 2024, en el marco de la rotaci\u00f3n que establece la alianza cuatripartita Frente de Izquierda y de Trabajadores Unidad.<\/p>\n","protected":false},"excerpt":{"rendered":"<p>Cele Fierro, ex diputada de CABA del MST en el Frente de Izquierda Unidad y representante de la Liga Internacional Socialista (LIS), en la Flotilla Global Sumud que navega a Gaza, repudi&oacute; este martes lo que calific&oacute; como el ataque de un dron contra uno de los barcos y destac&oacute; que nada detendr&aacute; la misi&oacute;n [&hellip;]<\/p>\n","protected":false},"author":2,"featured_media":28635,"comment_status":"closed","ping_status":"closed","sticky":false,"template":"","format":"standard","meta":{"footnotes":""},"categories":[5,176,726],"tags":[1751,6744,812,6746,234,6747,6745,4952],"class_list":["post-28634","post","type-post","status-publish","format-standard","has-post-thumbnail","hentry","category-nacionales","category-politica","category-sociedad","tag-ataque","tag-celeste-fierro","tag-denuncia","tag-flotilla","tag-gaza","tag-humanitaria","tag-navega","tag-sionista"],"_links":{"self":[{"href":"https:\/\/partediario.com.ar\/index.php?rest_route=\/wp\/v2\/posts\/28634","targetHints":{"allow":["GET"]}}],"collection":[{"href":"https:\/\/partediario.com.ar\/index.php?rest_route=\/wp\/v2\/posts"}],"about":[{"href":"https:\/\/partediario.com.ar\/index.php?rest_route=\/wp\/v2\/types\/post"}],"author":[{"embeddable":true,"href":"https:\/\/partediario.com.ar\/index.php?rest_route=\/wp\/v2\/users\/2"}],"replies":[{"embeddable":true,"href":"https:\/\/partediario.com.ar\/index.php?rest_route=%2Fwp%2Fv2%2Fcomments&post=28634"}],"version-history":[{"count":1,"href":"https:\/\/partediario.com.ar\/index.php?rest_route=\/wp\/v2\/posts\/28634\/revisions"}],"predecessor-version":[{"id":28636,"href":"https:\/\/partediario.com.ar\/index.php?rest_route=\/wp\/v2\/posts\/28634\/revisions\/28636"}],"wp:featuredmedia":[{"embeddable":true,"href":"https:\/\/partediario.com.ar\/index.php?rest_route=\/wp\/v2\/media\/28635"}],"wp:attachment":[{"href":"https:\/\/partediario.com.ar\/index.php?rest_route=%2Fwp%2Fv2%2Fmedia&parent=28634"}],"wp:term":[{"taxonomy":"category","embeddable":true,"href":"https:\/\/partediario.com.ar\/index.php?rest_route=%2Fwp%2Fv2%2Fcategories&post=28634"},{"taxonomy":"post_tag","embeddable":true,"href":"https:\/\/partediario.com.ar\/index.php?rest_route=%2Fwp%2Fv2%2Ftags&post=28634"}],"curies":[{"name":"wp","href":"https:\/\/api.w.org\/{rel}","templated":true}]}}