{"id":28641,"date":"2025-09-09T19:09:09","date_gmt":"2025-09-09T22:09:09","guid":{"rendered":"https:\/\/partediario.com.ar\/?p=28641"},"modified":"2025-09-10T19:42:42","modified_gmt":"2025-09-10T22:42:42","slug":"argentina-y-paraguay-coordinaran-las-operaciones-aereas-en-los-aeropuertos-de-posadas-y-encarnacion","status":"publish","type":"post","link":"https:\/\/partediario.com.ar\/?p=28641","title":{"rendered":"Argentina y Paraguay coordinar\u00e1n las operaciones a\u00e9reas en los aeropuertos de Posadas y Encarnaci\u00f3n"},"content":{"rendered":"\n<h2 class=\"wp-block-heading\">Las autoridades a\u00e9reas de Paraguay y de Argentina, acordaron hoy trabajar conjuntamente para coordinar las operaciones en los aeropuertos de Posadas y de Encarnaci\u00f3n, despu\u00e9s que la estaci\u00f3n a\u00e9rea guaran\u00ed fuera elevada recientemente a la categor\u00eda de Internacional.<\/h2>\n\n\n\n<p>Hasta ese momento, Encarnaci\u00f3n funcionaba como Aer\u00f3dromo y recib\u00eda solamente vuelos militares y civiles de escaso porte, y las operaciones eran coordinadas desde la Torre de Control de Posadas.<\/p>\n\n\n\n<p>A partir de las reformas practicadas al aeropuerto Teniente Ramon Am\u00edn Ayub Gonzal\u00e9z, convirti\u00e9ndolo en Internacional, la Direcci\u00f3n Nacional de Aviaci\u00f3n Civil (DINAC) de Paraguay, estableci\u00f3 adem\u00e1s su Control de Tr\u00e1fico A\u00e9reo, por lo que se hac\u00eda necesario coordinar con Posadas las operaciones de las aeronaves que aterrizaban y despegaban de ambos aeropuertos.<\/p>\n\n\n\n<p>Por eso hoy se realiz\u00f3 en Asunci\u00f3n, una reuni\u00f3n entre las autoridades aeron\u00e1uticas de Paraguay y Argentina, donde se trataron puntos estrat\u00e9gicos para impulsar el crecimiento del tr\u00e1fico a\u00e9reo regional.<\/p>\n\n\n\n<p>Participaron adem\u00e1s por parte de Paraguay, Nelson Mendoza, Presidente de la DINAC y Jos\u00e9 Luis Ch\u00e1vez, Director de Aeron\u00e1utica DINAC; y por parte de Argentina, Oscar Villabona, Administrador Nacional de la Administraci\u00f3n Nacional de Aviaci\u00f3n Civil (ANAC), Norma Beatriz Rotta, Presidente y Gerente General de la Empresa Argentina de Navegaci\u00f3n A\u00e9rea (EANA), y Mabel Cristina Villarroel, Gerente Ejecutiva de Operaciones de EANA.<\/p>\n\n\n\n<p>En la reuni\u00f3n se acord\u00f3 incrementar la seguridad operacional y avanzar en un trabajo conjunto entre los aeropuertos de Encarnaci\u00f3n y Posadas, por lo que a partir del 15 de septiembre se iniciar\u00e1n operaciones normales en ambos aeropuertos gracias a la coordinaci\u00f3n de los equipos t\u00e9cnicos de ambos pa\u00edses, se\u00f1alaron fuentes oficiales.<\/p>\n","protected":false},"excerpt":{"rendered":"<p>Las autoridades a&eacute;reas de Paraguay y de Argentina, acordaron hoy trabajar conjuntamente para coordinar las operaciones en los aeropuertos de Posadas y de Encarnaci&oacute;n, despu&eacute;s que la estaci&oacute;n a&eacute;rea guaran&iacute; fuera elevada recientemente a la categor&iacute;a de Internacional. Hasta ese momento, Encarnaci&oacute;n funcionaba como Aer&oacute;dromo y recib&iacute;a solamente vuelos militares y civiles de escaso porte, [&hellip;]<\/p>\n","protected":false},"author":2,"featured_media":28642,"comment_status":"closed","ping_status":"closed","sticky":false,"template":"","format":"standard","meta":{"footnotes":""},"categories":[5,176,726],"tags":[4128,411,6377,284,1456],"class_list":["post-28641","post","type-post","status-publish","format-standard","has-post-thumbnail","hentry","category-nacionales","category-politica","category-sociedad","tag-aeropuertos","tag-argentina","tag-encarnacion","tag-paraguay","tag-posadas"],"_links":{"self":[{"href":"https:\/\/partediario.com.ar\/index.php?rest_route=\/wp\/v2\/posts\/28641","targetHints":{"allow":["GET"]}}],"collection":[{"href":"https:\/\/partediario.com.ar\/index.php?rest_route=\/wp\/v2\/posts"}],"about":[{"href":"https:\/\/partediario.com.ar\/index.php?rest_route=\/wp\/v2\/types\/post"}],"author":[{"embeddable":true,"href":"https:\/\/partediario.com.ar\/index.php?rest_route=\/wp\/v2\/users\/2"}],"replies":[{"embeddable":true,"href":"https:\/\/partediario.com.ar\/index.php?rest_route=%2Fwp%2Fv2%2Fcomments&post=28641"}],"version-history":[{"count":1,"href":"https:\/\/partediario.com.ar\/index.php?rest_route=\/wp\/v2\/posts\/28641\/revisions"}],"predecessor-version":[{"id":28643,"href":"https:\/\/partediario.com.ar\/index.php?rest_route=\/wp\/v2\/posts\/28641\/revisions\/28643"}],"wp:featuredmedia":[{"embeddable":true,"href":"https:\/\/partediario.com.ar\/index.php?rest_route=\/wp\/v2\/media\/28642"}],"wp:attachment":[{"href":"https:\/\/partediario.com.ar\/index.php?rest_route=%2Fwp%2Fv2%2Fmedia&parent=28641"}],"wp:term":[{"taxonomy":"category","embeddable":true,"href":"https:\/\/partediario.com.ar\/index.php?rest_route=%2Fwp%2Fv2%2Fcategories&post=28641"},{"taxonomy":"post_tag","embeddable":true,"href":"https:\/\/partediario.com.ar\/index.php?rest_route=%2Fwp%2Fv2%2Ftags&post=28641"}],"curies":[{"name":"wp","href":"https:\/\/api.w.org\/{rel}","templated":true}]}}