{"id":28672,"date":"2025-09-10T19:50:33","date_gmt":"2025-09-10T22:50:33","guid":{"rendered":"https:\/\/partediario.com.ar\/?p=28672"},"modified":"2025-09-10T19:51:57","modified_gmt":"2025-09-10T22:51:57","slug":"el-secretario-de-turismo-de-la-provincia-visito-santa-elena","status":"publish","type":"post","link":"https:\/\/partediario.com.ar\/?p=28672","title":{"rendered":"El Secretario de Turismo de la provincia visit\u00f3 Santa Elena"},"content":{"rendered":"\n<h2 class=\"wp-block-heading\">El Secretario de Turismo de la Provincia, Jorge Satto, visit\u00f3 Santa Elena y recorri\u00f3 sus principales atractivos acompa\u00f1ado por el Intendente Daniel Rossi, la Directora de Turismo Santa Elena Carina Spahn, y miembros del equipo de gesti\u00f3n municipal.<\/h2>\n\n\n\n<p>Durante la jornada, mantuvo encuentros con medios de comunicaci\u00f3n y prestadores tur\u00edsticos, adem\u00e1s de participar de una mesa de trabajo con actores locales del sector.<\/p>\n\n\n\n<p><\/p>\n\n\n\n<figure class=\"wp-block-image size-large\"><img loading=\"lazy\" decoding=\"async\" width=\"1024\" height=\"739\" src=\"https:\/\/partediario.com.ar\/wp-content\/uploads\/545543858_1209927367845683_5185924450507466617_n-1-1024x739.jpg\" alt=\"\" class=\"wp-image-28673\" srcset=\"https:\/\/partediario.com.ar\/wp-content\/uploads\/545543858_1209927367845683_5185924450507466617_n-1-1024x739.jpg 1024w, https:\/\/partediario.com.ar\/wp-content\/uploads\/545543858_1209927367845683_5185924450507466617_n-1-300x216.jpg 300w, https:\/\/partediario.com.ar\/wp-content\/uploads\/545543858_1209927367845683_5185924450507466617_n-1-768x554.jpg 768w, https:\/\/partediario.com.ar\/wp-content\/uploads\/545543858_1209927367845683_5185924450507466617_n-1.jpg 1185w\" sizes=\"auto, (max-width: 1024px) 100vw, 1024px\" \/><\/figure>\n\n\n\n<p><\/p>\n\n\n\n<figure class=\"wp-block-image size-large\"><img loading=\"lazy\" decoding=\"async\" width=\"768\" height=\"1024\" src=\"https:\/\/partediario.com.ar\/wp-content\/uploads\/544933620_1209927241179029_5712780749579673065_n-768x1024.jpg\" alt=\"\" class=\"wp-image-28674\" srcset=\"https:\/\/partediario.com.ar\/wp-content\/uploads\/544933620_1209927241179029_5712780749579673065_n-768x1024.jpg 768w, https:\/\/partediario.com.ar\/wp-content\/uploads\/544933620_1209927241179029_5712780749579673065_n-225x300.jpg 225w, https:\/\/partediario.com.ar\/wp-content\/uploads\/544933620_1209927241179029_5712780749579673065_n.jpg 900w\" sizes=\"auto, (max-width: 768px) 100vw, 768px\" \/><\/figure>\n\n\n\n<p><\/p>\n\n\n\n<figure class=\"wp-block-image size-large\"><img loading=\"lazy\" decoding=\"async\" width=\"768\" height=\"1024\" src=\"https:\/\/partediario.com.ar\/wp-content\/uploads\/545085717_1209927511179002_4094701853751346046_n-768x1024.jpg\" alt=\"\" class=\"wp-image-28675\" srcset=\"https:\/\/partediario.com.ar\/wp-content\/uploads\/545085717_1209927511179002_4094701853751346046_n-768x1024.jpg 768w, https:\/\/partediario.com.ar\/wp-content\/uploads\/545085717_1209927511179002_4094701853751346046_n-225x300.jpg 225w, https:\/\/partediario.com.ar\/wp-content\/uploads\/545085717_1209927511179002_4094701853751346046_n.jpg 900w\" sizes=\"auto, (max-width: 768px) 100vw, 768px\" \/><\/figure>\n\n\n\n<p><\/p>\n\n\n\n<p>La visita se da en el marco de una agenda participativa orientada a fortalecer el impulso tur\u00edstico de la Ciudad Para\u00edso, destino elegido durante todo el a\u00f1o.<\/p>\n","protected":false},"excerpt":{"rendered":"<p>El Secretario de Turismo de la Provincia, Jorge Satto, visit&oacute; Santa Elena y recorri&oacute; sus principales atractivos acompa&ntilde;ado por el Intendente Daniel Rossi, la Directora de Turismo Santa Elena Carina Spahn, y miembros del equipo de gesti&oacute;n municipal. Durante la jornada, mantuvo encuentros con medios de comunicaci&oacute;n y prestadores tur&iacute;sticos, adem&aacute;s de participar de una [&hellip;]<\/p>\n","protected":false},"author":2,"featured_media":28676,"comment_status":"closed","ping_status":"closed","sticky":false,"template":"","format":"standard","meta":{"footnotes":""},"categories":[3272,726],"tags":[6072,208,257,1414,207,5031,558,996],"class_list":["post-28672","post","type-post","status-publish","format-standard","has-post-thumbnail","hentry","category-municipales","category-sociedad","tag-carina-spahn","tag-daniel-rossi","tag-entre-rios","tag-jorge-satto","tag-santa-elena","tag-secretario","tag-turismo","tag-visita"],"_links":{"self":[{"href":"https:\/\/partediario.com.ar\/index.php?rest_route=\/wp\/v2\/posts\/28672","targetHints":{"allow":["GET"]}}],"collection":[{"href":"https:\/\/partediario.com.ar\/index.php?rest_route=\/wp\/v2\/posts"}],"about":[{"href":"https:\/\/partediario.com.ar\/index.php?rest_route=\/wp\/v2\/types\/post"}],"author":[{"embeddable":true,"href":"https:\/\/partediario.com.ar\/index.php?rest_route=\/wp\/v2\/users\/2"}],"replies":[{"embeddable":true,"href":"https:\/\/partediario.com.ar\/index.php?rest_route=%2Fwp%2Fv2%2Fcomments&post=28672"}],"version-history":[{"count":1,"href":"https:\/\/partediario.com.ar\/index.php?rest_route=\/wp\/v2\/posts\/28672\/revisions"}],"predecessor-version":[{"id":28677,"href":"https:\/\/partediario.com.ar\/index.php?rest_route=\/wp\/v2\/posts\/28672\/revisions\/28677"}],"wp:featuredmedia":[{"embeddable":true,"href":"https:\/\/partediario.com.ar\/index.php?rest_route=\/wp\/v2\/media\/28676"}],"wp:attachment":[{"href":"https:\/\/partediario.com.ar\/index.php?rest_route=%2Fwp%2Fv2%2Fmedia&parent=28672"}],"wp:term":[{"taxonomy":"category","embeddable":true,"href":"https:\/\/partediario.com.ar\/index.php?rest_route=%2Fwp%2Fv2%2Fcategories&post=28672"},{"taxonomy":"post_tag","embeddable":true,"href":"https:\/\/partediario.com.ar\/index.php?rest_route=%2Fwp%2Fv2%2Ftags&post=28672"}],"curies":[{"name":"wp","href":"https:\/\/api.w.org\/{rel}","templated":true}]}}