{"id":28682,"date":"2025-09-11T08:57:13","date_gmt":"2025-09-11T11:57:13","guid":{"rendered":"https:\/\/partediario.com.ar\/?p=28682"},"modified":"2025-09-12T20:32:36","modified_gmt":"2025-09-12T23:32:36","slug":"javier-milei-veto-la-ley-de-financiamiento-universitario-y-recomposicion-salarial-docente","status":"publish","type":"post","link":"https:\/\/partediario.com.ar\/?p=28682","title":{"rendered":"Javier Milei vet\u00f3 la Ley de Financiamiento Universitario y Recomposici\u00f3n Salarial Docente"},"content":{"rendered":"\n<h2 class=\"wp-block-heading\">El Gobierno de Javier Milei vet\u00f3 en su totalidad el Proyecto de Ley N\u00ba 27.795, que propon\u00eda un nuevo esquema de financiamiento para la educaci\u00f3n universitaria p\u00fablica y la recomposici\u00f3n salarial de docentes y no docentes.<\/h2>\n\n\n\n<p>La medida fue oficializada a trav\u00e9s del Decreto 647\/2025, publicado este mi\u00e9rcoles 10 de septiembre, y representa un fuerte rechazo a la iniciativa sancionada por el Congreso el pasado 21 de agosto.<\/p>\n\n\n\n<p>La decisi\u00f3n del Poder Ejecutivo, que se da en un contexto de tensi\u00f3n entre el Gobierno y las universidades por recortes presupuestarios, fue confirmada por fuentes oficiales. Seg\u00fan se supo, el veto generar\u00e1 una nueva escalada en el conflicto con el sector educativo y con la oposici\u00f3n parlamentaria, que hab\u00eda impulsado la norma.<\/p>\n\n\n\n<p>Los puntos clave del Proyecto de Ley vetado:<\/p>\n\n\n\n<p><strong>El Proyecto de Ley de \u00abFinanciamiento de la Educaci\u00f3n Universitaria y Recomposici\u00f3n del Salario Docente\u00bb N\u00ba 27.795 buscaba:<\/strong><\/p>\n\n\n\n<p><strong>La norma planteaba medidas claras para consolidar el financiamiento de la Universidad P\u00fablica en todo el pa\u00eds. A continuaci\u00f3n, se resumen los puntos centrales:<\/strong><\/p>\n\n\n\n<ul class=\"wp-block-list\">\n<li>Garantizar el financiamiento: Establec\u00eda como objeto \u201cgarantizar la protecci\u00f3n y el sostenimiento del financiamiento de la educaci\u00f3n universitaria p\u00fablica en todo el territorio de la REP\u00daBLICA ARGENTINA\u201d.<\/li>\n\n\n\n<li>Partidas presupuestarias espec\u00edficas: Determinaba que el Poder Ejecutivo Nacional deb\u00eda definir partidas presupuestarias destinadas al programa 26 \u201cDesarrollo de la Educaci\u00f3n Superior\u201d para:<\/li>\n\n\n\n<li>Afianzar el ingreso, la permanencia y la terminalidad del estudiantado.<\/li>\n\n\n\n<li>Garantizar la formaci\u00f3n continua.<\/li>\n\n\n\n<li>Asegurar las condiciones laborales y salariales de docentes y no docentes.<\/li>\n\n\n\n<li>Incrementar recursos para tecnolog\u00eda digital.<\/li>\n\n\n\n<li>Impulsar la formaci\u00f3n y fortalecimiento del personal.<\/li>\n\n\n\n<li>Ampliar la oferta de carreras universitarias y preuniversitarias.<\/li>\n\n\n\n<li>Promover la funci\u00f3n de extensi\u00f3n universitaria.<\/li>\n\n\n\n<li>Desarrollar la funci\u00f3n de investigaci\u00f3n.<\/li>\n\n\n\n<li>Prever la provisi\u00f3n y mantenimiento de infraestructura y equipamiento.<\/li>\n\n\n\n<li>Impulsar la internacionalizaci\u00f3n inclusiva de la ense\u00f1anza, investigaci\u00f3n y extensi\u00f3n.<\/li>\n\n\n\n<li>Asegurar y profundizar programas de bienestar estudiantil e incrementar la inversi\u00f3n en becas.<\/li>\n\n\n\n<li>Actualizaci\u00f3n por IPC: Encomendaba al Poder Ejecutivo Nacional actualizar al 1 de enero de 2025 el monto de los gastos de funcionamiento de las universidades p\u00fablicas, seg\u00fan la variaci\u00f3n acumulada del \u00cdndice de Precios al Consumidor (IPC) informado por el INDEC entre el 1 de mayo y el 31 de diciembre de 2024.<\/li>\n<\/ul>\n\n\n\n<p>La objeci\u00f3n total al proyecto de ley se fundamenta en la visi\u00f3n del Gobierno de mantener el control sobre el gasto p\u00fablico y evitar lo que considera intromisiones en las facultades del Poder Ejecutivo para administrar los recursos del Estado. No obstante, la medida abre un nuevo frente de conflicto con un sector que reclama m\u00e1s fondos para garantizar la calidad y accesibilidad de la educaci\u00f3n superior.<\/p>\n","protected":false},"excerpt":{"rendered":"<p>El Gobierno de Javier Milei vet&oacute; en su totalidad el Proyecto de Ley N&ordm; 27.795, que propon&iacute;a un nuevo esquema de financiamiento para la educaci&oacute;n universitaria p&uacute;blica y la recomposici&oacute;n salarial de docentes y no docentes. La medida fue oficializada a trav&eacute;s del Decreto 647\/2025, publicado este mi&eacute;rcoles 10 de septiembre, y representa un fuerte [&hellip;]<\/p>\n","protected":false},"author":2,"featured_media":28683,"comment_status":"closed","ping_status":"closed","sticky":false,"template":"","format":"standard","meta":{"footnotes":""},"categories":[5,176],"tags":[692,232,6767,6490,1976,2779],"class_list":["post-28682","post","type-post","status-publish","format-standard","has-post-thumbnail","hentry","category-nacionales","category-politica","tag-docente","tag-javier-milei","tag-ley-financiamiento","tag-recomposicion","tag-salarial","tag-veto"],"_links":{"self":[{"href":"https:\/\/partediario.com.ar\/index.php?rest_route=\/wp\/v2\/posts\/28682","targetHints":{"allow":["GET"]}}],"collection":[{"href":"https:\/\/partediario.com.ar\/index.php?rest_route=\/wp\/v2\/posts"}],"about":[{"href":"https:\/\/partediario.com.ar\/index.php?rest_route=\/wp\/v2\/types\/post"}],"author":[{"embeddable":true,"href":"https:\/\/partediario.com.ar\/index.php?rest_route=\/wp\/v2\/users\/2"}],"replies":[{"embeddable":true,"href":"https:\/\/partediario.com.ar\/index.php?rest_route=%2Fwp%2Fv2%2Fcomments&post=28682"}],"version-history":[{"count":1,"href":"https:\/\/partediario.com.ar\/index.php?rest_route=\/wp\/v2\/posts\/28682\/revisions"}],"predecessor-version":[{"id":28684,"href":"https:\/\/partediario.com.ar\/index.php?rest_route=\/wp\/v2\/posts\/28682\/revisions\/28684"}],"wp:featuredmedia":[{"embeddable":true,"href":"https:\/\/partediario.com.ar\/index.php?rest_route=\/wp\/v2\/media\/28683"}],"wp:attachment":[{"href":"https:\/\/partediario.com.ar\/index.php?rest_route=%2Fwp%2Fv2%2Fmedia&parent=28682"}],"wp:term":[{"taxonomy":"category","embeddable":true,"href":"https:\/\/partediario.com.ar\/index.php?rest_route=%2Fwp%2Fv2%2Fcategories&post=28682"},{"taxonomy":"post_tag","embeddable":true,"href":"https:\/\/partediario.com.ar\/index.php?rest_route=%2Fwp%2Fv2%2Ftags&post=28682"}],"curies":[{"name":"wp","href":"https:\/\/api.w.org\/{rel}","templated":true}]}}