{"id":28697,"date":"2025-09-11T21:10:38","date_gmt":"2025-09-12T00:10:38","guid":{"rendered":"https:\/\/partediario.com.ar\/?p=28697"},"modified":"2025-09-11T21:10:41","modified_gmt":"2025-09-12T00:10:41","slug":"lamentable-final-encontraron-sin-vida-al-hombre-y-su-hijo-desaparecidos-en-capilla-del-monte","status":"publish","type":"post","link":"https:\/\/partediario.com.ar\/?p=28697","title":{"rendered":"Lamentable final: encontraron sin vida al hombre y su hijo desaparecidos en Capilla del Monte"},"content":{"rendered":"\n<h2 class=\"wp-block-heading\">Se trata de Cristian Fink, de 37 a\u00f1os, y su hijo \u00c1lvaro, de tres. Sus cuerpos fueron hallados en las aguas del dique El Caj\u00f3n. Estaban enganchados en unas ramas en una zona de dos metros de profundidad.<\/h2>\n\n\n\n<p>La Fiscal\u00eda de Instrucci\u00f3n de Cosqu\u00edn inform\u00f3 este jueves a la tarde que fueron encontrados los cuerpos sin vida de Cristian Sergio Fink, de 37 a\u00f1os, y de \u00c1lvaro Fink Olariaga, de tres a\u00f1os, el padre y el hijo que eran intensamente buscados en la zona del dique El Caj\u00f3n, en Capilla del Monte.<\/p>\n\n\n\n<p>Personal del DUAR y de la polic\u00eda provincial los encontraron en las aguas del dique, dentro de la zona de b\u00fasqueda, enganchados en unas ramas en una zona de m\u00e1s de dos metros de profundidad.<\/p>\n\n\n\n<p>Padre e hijo hab\u00edan desaparecido el mi\u00e9rcoles 10 de setiembre en horas de la tarde. Los efectivos trabajaban en las tareas de rescate de los cuerpos.<\/p>\n\n\n\n<p>La esposa del hombre y madre del ni\u00f1o hab\u00eda denunciado que ambos no regresaron al hogar tras salir de paseo.<\/p>\n\n\n\n<p>Tras la denuncia se despleg\u00f3 un operativo policial en la zona, en el cual participaron equipos de buzos, agentes del Departamento de Unidades de Alto Riesgo de la Polic\u00eda de C\u00f3rdoba (DUAR), brigadas del ETAC, bomberos y personal de la Departamental Punilla.<\/p>\n\n\n\n<p>Los oficiales hab\u00edan encontrado el veh\u00edculo Chevrolet Aveo gris, perteneciente a Fink, cerrado con llave y estacionado a pocos metros del dique, peritos de la Polic\u00eda Judicial realizaron an\u00e1lisis de rigor al rodado para encontrar pruebas de relevancia. La Fiscal\u00eda contin\u00faa con la investigaci\u00f3n del caso.<\/p>\n\n\n\n<p>Los investigadores descubrieron pisadas que pertenecer\u00edan a personas que caminaron a casi un kil\u00f3metro del lugar donde se hall\u00f3 el autom\u00f3vil.<\/p>\n\n\n\n<p>Noticia en desarrollo\u2026<\/p>\n","protected":false},"excerpt":{"rendered":"<p>Se trata de Cristian Fink, de 37 a&ntilde;os, y su hijo &Aacute;lvaro, de tres. Sus cuerpos fueron hallados en las aguas del dique El Caj&oacute;n. Estaban enganchados en unas ramas en una zona de dos metros de profundidad. La Fiscal&iacute;a de Instrucci&oacute;n de Cosqu&iacute;n inform&oacute; este jueves a la tarde que fueron encontrados los cuerpos [&hellip;]<\/p>\n","protected":false},"author":2,"featured_media":28698,"comment_status":"closed","ping_status":"closed","sticky":false,"template":"","format":"standard","meta":{"footnotes":""},"categories":[7,8],"tags":[6777,303,5772,3734,683,933],"class_list":["post-28697","post","type-post","status-publish","format-standard","has-post-thumbnail","hentry","category-policiales","category-provinciales","tag-capilla-del-monte","tag-cordoba","tag-hallaron","tag-hijo","tag-muertos","tag-padre"],"_links":{"self":[{"href":"https:\/\/partediario.com.ar\/index.php?rest_route=\/wp\/v2\/posts\/28697","targetHints":{"allow":["GET"]}}],"collection":[{"href":"https:\/\/partediario.com.ar\/index.php?rest_route=\/wp\/v2\/posts"}],"about":[{"href":"https:\/\/partediario.com.ar\/index.php?rest_route=\/wp\/v2\/types\/post"}],"author":[{"embeddable":true,"href":"https:\/\/partediario.com.ar\/index.php?rest_route=\/wp\/v2\/users\/2"}],"replies":[{"embeddable":true,"href":"https:\/\/partediario.com.ar\/index.php?rest_route=%2Fwp%2Fv2%2Fcomments&post=28697"}],"version-history":[{"count":1,"href":"https:\/\/partediario.com.ar\/index.php?rest_route=\/wp\/v2\/posts\/28697\/revisions"}],"predecessor-version":[{"id":28699,"href":"https:\/\/partediario.com.ar\/index.php?rest_route=\/wp\/v2\/posts\/28697\/revisions\/28699"}],"wp:featuredmedia":[{"embeddable":true,"href":"https:\/\/partediario.com.ar\/index.php?rest_route=\/wp\/v2\/media\/28698"}],"wp:attachment":[{"href":"https:\/\/partediario.com.ar\/index.php?rest_route=%2Fwp%2Fv2%2Fmedia&parent=28697"}],"wp:term":[{"taxonomy":"category","embeddable":true,"href":"https:\/\/partediario.com.ar\/index.php?rest_route=%2Fwp%2Fv2%2Fcategories&post=28697"},{"taxonomy":"post_tag","embeddable":true,"href":"https:\/\/partediario.com.ar\/index.php?rest_route=%2Fwp%2Fv2%2Ftags&post=28697"}],"curies":[{"name":"wp","href":"https:\/\/api.w.org\/{rel}","templated":true}]}}