{"id":28720,"date":"2025-09-13T19:51:54","date_gmt":"2025-09-13T22:51:54","guid":{"rendered":"https:\/\/partediario.com.ar\/?p=28720"},"modified":"2025-09-14T12:30:29","modified_gmt":"2025-09-14T15:30:29","slug":"tras-el-veto-de-milei-a-los-atn-sin-respeto-es-imposible-dialogar-senalo-claudio-vidal","status":"publish","type":"post","link":"https:\/\/partediario.com.ar\/?p=28720","title":{"rendered":"Tras el veto de Milei a los ATN: \u201cSin respeto es imposible dialogar\u201d, se\u00f1al\u00f3 Claudio Vidal"},"content":{"rendered":"\n<h2 class=\"wp-block-heading\">El gobernador de Santa Cruz, Claudio Vidal, afirm\u00f3 que es \u00abmuy dif\u00edcil\u00bb entablar una relaci\u00f3n con el Gobierno cuando \u00abtenemos a un presidente que agrede y falta el respeto constantemente\u201d, haciendo referencia a Javier Milei.<\/h2>\n\n\n\n<p>\u201cMolesta la falta de respeto, molesta el grito constante, la agresi\u00f3n verbal, cuando me parece a m\u00ed que no hay motivo suficiente para tratar de esta forma a los que tenemos la obligaci\u00f3n de conducir o de gobernar\u201d, apunt\u00f3 Vidal.<\/p>\n\n\n\n<p>Los dichos se dan en el marco del debate abierto tras el veto presidencial a la ley de Aportes del Tesoro Nacional (ATN), que habilitaba fondos de asistencia a las provincias.<\/p>\n\n\n\n<p>\u201cNo es trabajar para hacer caer el veto, es trabajar para lograr algo que le sirva a la sociedad, que le sirva a las provincias\u201d, destac\u00f3 el gobernador santacruce\u00f1o en declaraciones radiales.<\/p>\n\n\n\n<p>Vidal advirti\u00f3 que para que el pa\u00eds vuelva a producir y generar empleo \u201cel Gobierno tiene que tener en cuenta a las provincias\u201d, y subray\u00f3: \u201cHay que tener mucho cuidado cuando se toman decisiones nacionales y excluyen al interior productivo nacional\u201d.<\/p>\n\n\n\n<p>Y remarc\u00f3: \u201cSi no hay respeto, es muy dif\u00edcil poder sentarse a dialogar\u201d.<\/p>\n","protected":false},"excerpt":{"rendered":"<p>El gobernador de Santa Cruz, Claudio Vidal, afirm&oacute; que es &laquo;muy dif&iacute;cil&raquo; entablar una relaci&oacute;n con el Gobierno cuando &laquo;tenemos a un presidente que agrede y falta el respeto constantemente&rdquo;, haciendo referencia a Javier Milei. &ldquo;Molesta la falta de respeto, molesta el grito constante, la agresi&oacute;n verbal, cuando me parece a m&iacute; que no hay [&hellip;]<\/p>\n","protected":false},"author":2,"featured_media":28721,"comment_status":"closed","ping_status":"closed","sticky":false,"template":"","format":"standard","meta":{"footnotes":""},"categories":[5,176],"tags":[2629,232],"class_list":["post-28720","post","type-post","status-publish","format-standard","has-post-thumbnail","hentry","category-nacionales","category-politica","tag-claudio-vidal","tag-javier-milei"],"_links":{"self":[{"href":"https:\/\/partediario.com.ar\/index.php?rest_route=\/wp\/v2\/posts\/28720","targetHints":{"allow":["GET"]}}],"collection":[{"href":"https:\/\/partediario.com.ar\/index.php?rest_route=\/wp\/v2\/posts"}],"about":[{"href":"https:\/\/partediario.com.ar\/index.php?rest_route=\/wp\/v2\/types\/post"}],"author":[{"embeddable":true,"href":"https:\/\/partediario.com.ar\/index.php?rest_route=\/wp\/v2\/users\/2"}],"replies":[{"embeddable":true,"href":"https:\/\/partediario.com.ar\/index.php?rest_route=%2Fwp%2Fv2%2Fcomments&post=28720"}],"version-history":[{"count":1,"href":"https:\/\/partediario.com.ar\/index.php?rest_route=\/wp\/v2\/posts\/28720\/revisions"}],"predecessor-version":[{"id":28722,"href":"https:\/\/partediario.com.ar\/index.php?rest_route=\/wp\/v2\/posts\/28720\/revisions\/28722"}],"wp:featuredmedia":[{"embeddable":true,"href":"https:\/\/partediario.com.ar\/index.php?rest_route=\/wp\/v2\/media\/28721"}],"wp:attachment":[{"href":"https:\/\/partediario.com.ar\/index.php?rest_route=%2Fwp%2Fv2%2Fmedia&parent=28720"}],"wp:term":[{"taxonomy":"category","embeddable":true,"href":"https:\/\/partediario.com.ar\/index.php?rest_route=%2Fwp%2Fv2%2Fcategories&post=28720"},{"taxonomy":"post_tag","embeddable":true,"href":"https:\/\/partediario.com.ar\/index.php?rest_route=%2Fwp%2Fv2%2Ftags&post=28720"}],"curies":[{"name":"wp","href":"https:\/\/api.w.org\/{rel}","templated":true}]}}