{"id":28729,"date":"2025-09-13T20:10:31","date_gmt":"2025-09-13T23:10:31","guid":{"rendered":"https:\/\/partediario.com.ar\/?p=28729"},"modified":"2025-09-14T12:30:17","modified_gmt":"2025-09-14T15:30:17","slug":"obelisco-cuando-y-a-que-hora-regalaran-4-000-porciones-de-pizza-por-la-noche-de-la-pizza","status":"publish","type":"post","link":"https:\/\/partediario.com.ar\/?p=28729","title":{"rendered":"Obelisco: cu\u00e1ndo y a qu\u00e9 hora regalar\u00e1n 4.000 porciones de pizza por La Noche de la Pizza"},"content":{"rendered":"\n<h2 class=\"wp-block-heading\">La Asociaci\u00f3n de Pizzer\u00edas y Casas de Empanadas de la Rep\u00fablica Argentina (APYCE) dio a conocer que, como antesala de su cl\u00e1sico evento anual, realizar\u00e1 una degustaci\u00f3n masiva y gratuita de pizza frente al Obelisco.<\/h2>\n\n\n\n<p>La cita es el pr\u00f3ximo lunes 15 de septiembre, de 11 a 15, en la esquina de Cerrito y Diagonal Norte, donde se elaborar\u00e1n y repartir\u00e1n 4.000 porciones en vivo.<\/p>\n\n\n\n<p>La log\u00edstica para el evento es impresionante. Seg\u00fan trascendi\u00f3, un equipo de 10 maestros pizzeros trabajar\u00e1 con dos hornos el\u00e9ctricos de cinta continua montados en un cami\u00f3n autosustentable de 15 metros. Para producir las 4.000 porciones se utilizar\u00e1n 125 kilos de harina, 150 kilos de muzzarella y 50 kilos de salsa de tomate.<\/p>\n\n\n\n<p>La Noche de la Pizza y la Empanada 2025<\/p>\n\n\n\n<p>Esta degustaci\u00f3n gratuita actuar\u00e1 como lanzamiento de la 42\u00aa edici\u00f3n de \u201cLa Noche de la Pizza y la Empanada\u00ae\u201d, que se celebrar\u00e1 el martes 16 de septiembre en todo el pa\u00eds. Durante esa jornada, miles de pizzer\u00edas y casas de empanadas adheridas ofrecer\u00e1n promociones imperdibles, que incluyen descuentos del 50% en pizzas y 3&#215;2 en empanadas.<\/p>\n\n\n\n<p>APYCE adem\u00e1s reforz\u00f3 el costado solidario de la iniciativa: al finalizar el evento en el Obelisco, la entidad donar\u00e1 250 pizzas al Comedor Los Piletones de la Fundaci\u00f3n Margarita Barrientos y otras 250 pizzas al personal del SAME.<\/p>\n","protected":false},"excerpt":{"rendered":"<p>La Asociaci&oacute;n de Pizzer&iacute;as y Casas de Empanadas de la Rep&uacute;blica Argentina (APYCE) dio a conocer que, como antesala de su cl&aacute;sico evento anual, realizar&aacute; una degustaci&oacute;n masiva y gratuita de pizza frente al Obelisco. La cita es el pr&oacute;ximo lunes 15 de septiembre, de 11 a 15, en la esquina de Cerrito y Diagonal [&hellip;]<\/p>\n","protected":false},"author":2,"featured_media":28730,"comment_status":"closed","ping_status":"closed","sticky":false,"template":"","format":"standard","meta":{"footnotes":""},"categories":[5,726],"tags":[6792,2100,6791,6790,381],"class_list":["post-28729","post","type-post","status-publish","format-standard","has-post-thumbnail","hentry","category-nacionales","category-sociedad","tag-apyce","tag-obelisco","tag-pizza","tag-porciones","tag-regalo"],"_links":{"self":[{"href":"https:\/\/partediario.com.ar\/index.php?rest_route=\/wp\/v2\/posts\/28729","targetHints":{"allow":["GET"]}}],"collection":[{"href":"https:\/\/partediario.com.ar\/index.php?rest_route=\/wp\/v2\/posts"}],"about":[{"href":"https:\/\/partediario.com.ar\/index.php?rest_route=\/wp\/v2\/types\/post"}],"author":[{"embeddable":true,"href":"https:\/\/partediario.com.ar\/index.php?rest_route=\/wp\/v2\/users\/2"}],"replies":[{"embeddable":true,"href":"https:\/\/partediario.com.ar\/index.php?rest_route=%2Fwp%2Fv2%2Fcomments&post=28729"}],"version-history":[{"count":1,"href":"https:\/\/partediario.com.ar\/index.php?rest_route=\/wp\/v2\/posts\/28729\/revisions"}],"predecessor-version":[{"id":28731,"href":"https:\/\/partediario.com.ar\/index.php?rest_route=\/wp\/v2\/posts\/28729\/revisions\/28731"}],"wp:featuredmedia":[{"embeddable":true,"href":"https:\/\/partediario.com.ar\/index.php?rest_route=\/wp\/v2\/media\/28730"}],"wp:attachment":[{"href":"https:\/\/partediario.com.ar\/index.php?rest_route=%2Fwp%2Fv2%2Fmedia&parent=28729"}],"wp:term":[{"taxonomy":"category","embeddable":true,"href":"https:\/\/partediario.com.ar\/index.php?rest_route=%2Fwp%2Fv2%2Fcategories&post=28729"},{"taxonomy":"post_tag","embeddable":true,"href":"https:\/\/partediario.com.ar\/index.php?rest_route=%2Fwp%2Fv2%2Ftags&post=28729"}],"curies":[{"name":"wp","href":"https:\/\/api.w.org\/{rel}","templated":true}]}}