{"id":28733,"date":"2025-09-13T20:47:12","date_gmt":"2025-09-13T23:47:12","guid":{"rendered":"https:\/\/partediario.com.ar\/?p=28733"},"modified":"2025-09-13T20:47:12","modified_gmt":"2025-09-13T23:47:12","slug":"santa-elena-se-realizo-la-apertura-del-2do-encuentro-internacional-de-futbol-senior-50","status":"publish","type":"post","link":"https:\/\/partediario.com.ar\/?p=28733","title":{"rendered":"Santa Elena: se realiz\u00f3 la apertura del 2do. Encuentro Internacional de Futbol Senior +50"},"content":{"rendered":"\n<p><\/p>\n\n\n\n<h2 class=\"wp-block-heading\">En el Polideportivo Municipal \u201cEl Aguar\u00e1\u201d se llev\u00f3 a cabo la apertura oficial del Torneo Internacional de F\u00fatbol Senior +50 \u201cCopa Ciudad de Santa Elena\u201d, con la presencia del Intendente Daniel Rossi y autoridades municipales.<\/h2>\n\n\n\n<p>Este encuentro re\u00fane a delegaciones de distintos pa\u00edses, consolidando a Santa Elena como sede de eventos deportivos de car\u00e1cter internacional y promoviendo el f\u00fatbol como espacio de integraci\u00f3n, amistad y camarader\u00eda.<\/p>\n\n\n\n<p><\/p>\n\n\n\n<figure class=\"wp-block-gallery has-nested-images columns-default is-cropped wp-block-gallery-1 is-layout-flex wp-block-gallery-is-layout-flex\">\n<figure class=\"wp-block-image size-large\"><img loading=\"lazy\" decoding=\"async\" width=\"577\" height=\"1024\" data-id=\"28734\" src=\"https:\/\/partediario.com.ar\/wp-content\/uploads\/546421346_1212890244216062_4951697422462907069_n-577x1024.jpg\" alt=\"\" class=\"wp-image-28734\" srcset=\"https:\/\/partediario.com.ar\/wp-content\/uploads\/546421346_1212890244216062_4951697422462907069_n-577x1024.jpg 577w, https:\/\/partediario.com.ar\/wp-content\/uploads\/546421346_1212890244216062_4951697422462907069_n-169x300.jpg 169w, https:\/\/partediario.com.ar\/wp-content\/uploads\/546421346_1212890244216062_4951697422462907069_n-768x1364.jpg 768w, https:\/\/partediario.com.ar\/wp-content\/uploads\/546421346_1212890244216062_4951697422462907069_n.jpg 865w\" sizes=\"auto, (max-width: 577px) 100vw, 577px\" \/><\/figure>\n\n\n\n<figure class=\"wp-block-image size-large\"><img loading=\"lazy\" decoding=\"async\" width=\"577\" height=\"1024\" data-id=\"28735\" src=\"https:\/\/partediario.com.ar\/wp-content\/uploads\/548045843_1212890264216060_1674579062390084535_n-577x1024.jpg\" alt=\"\" class=\"wp-image-28735\" srcset=\"https:\/\/partediario.com.ar\/wp-content\/uploads\/548045843_1212890264216060_1674579062390084535_n-577x1024.jpg 577w, https:\/\/partediario.com.ar\/wp-content\/uploads\/548045843_1212890264216060_1674579062390084535_n-169x300.jpg 169w, https:\/\/partediario.com.ar\/wp-content\/uploads\/548045843_1212890264216060_1674579062390084535_n-768x1364.jpg 768w, https:\/\/partediario.com.ar\/wp-content\/uploads\/548045843_1212890264216060_1674579062390084535_n.jpg 865w\" sizes=\"auto, (max-width: 577px) 100vw, 577px\" \/><\/figure>\n\n\n\n<figure class=\"wp-block-image size-large\"><img loading=\"lazy\" decoding=\"async\" width=\"577\" height=\"1024\" data-id=\"28736\" src=\"https:\/\/partediario.com.ar\/wp-content\/uploads\/548100892_1212889660882787_5442466771934162068_n-577x1024.jpg\" alt=\"\" class=\"wp-image-28736\" srcset=\"https:\/\/partediario.com.ar\/wp-content\/uploads\/548100892_1212889660882787_5442466771934162068_n-577x1024.jpg 577w, https:\/\/partediario.com.ar\/wp-content\/uploads\/548100892_1212889660882787_5442466771934162068_n-169x300.jpg 169w, https:\/\/partediario.com.ar\/wp-content\/uploads\/548100892_1212889660882787_5442466771934162068_n-768x1364.jpg 768w, https:\/\/partediario.com.ar\/wp-content\/uploads\/548100892_1212889660882787_5442466771934162068_n.jpg 865w\" sizes=\"auto, (max-width: 577px) 100vw, 577px\" \/><\/figure>\n<\/figure>\n\n\n\n<p><\/p>\n\n\n\n<p>El Gobierno Municipal acompa\u00f1a con orgullo esta nueva edici\u00f3n e invita a la comunidad a ser parte de una propuesta que fortalece la identidad local y proyecta a nuestra ciudad como referente regional en el \u00e1mbito deportivo y tur\u00edstico.<\/p>\n\n\n\n<figure class=\"wp-block-image size-full\"><img loading=\"lazy\" decoding=\"async\" width=\"1024\" height=\"576\" src=\"https:\/\/partediario.com.ar\/wp-content\/uploads\/548295193_1212890617549358_6005707964916841136_n.jpg\" alt=\"\" class=\"wp-image-28737\" srcset=\"https:\/\/partediario.com.ar\/wp-content\/uploads\/548295193_1212890617549358_6005707964916841136_n.jpg 1024w, https:\/\/partediario.com.ar\/wp-content\/uploads\/548295193_1212890617549358_6005707964916841136_n-300x169.jpg 300w, https:\/\/partediario.com.ar\/wp-content\/uploads\/548295193_1212890617549358_6005707964916841136_n-768x432.jpg 768w\" sizes=\"auto, (max-width: 1024px) 100vw, 1024px\" \/><\/figure>\n\n\n\n<p><\/p>\n\n\n\n<figure class=\"wp-block-image size-full\"><img loading=\"lazy\" decoding=\"async\" width=\"1024\" height=\"576\" src=\"https:\/\/partediario.com.ar\/wp-content\/uploads\/547380699_1212890747549345_1011705425837001145_n.jpg\" alt=\"\" class=\"wp-image-28738\" srcset=\"https:\/\/partediario.com.ar\/wp-content\/uploads\/547380699_1212890747549345_1011705425837001145_n.jpg 1024w, https:\/\/partediario.com.ar\/wp-content\/uploads\/547380699_1212890747549345_1011705425837001145_n-300x169.jpg 300w, https:\/\/partediario.com.ar\/wp-content\/uploads\/547380699_1212890747549345_1011705425837001145_n-768x432.jpg 768w\" sizes=\"auto, (max-width: 1024px) 100vw, 1024px\" \/><\/figure>\n\n\n\n<p><\/p>\n\n\n\n<figure class=\"wp-block-image size-full\"><img loading=\"lazy\" decoding=\"async\" width=\"1024\" height=\"577\" src=\"https:\/\/partediario.com.ar\/wp-content\/uploads\/548309861_1212890387549381_8041809420189923154_n.jpg\" alt=\"\" class=\"wp-image-28739\" srcset=\"https:\/\/partediario.com.ar\/wp-content\/uploads\/548309861_1212890387549381_8041809420189923154_n.jpg 1024w, https:\/\/partediario.com.ar\/wp-content\/uploads\/548309861_1212890387549381_8041809420189923154_n-300x169.jpg 300w, https:\/\/partediario.com.ar\/wp-content\/uploads\/548309861_1212890387549381_8041809420189923154_n-768x433.jpg 768w\" sizes=\"auto, (max-width: 1024px) 100vw, 1024px\" \/><\/figure>\n\n\n\n<p><\/p>\n","protected":false},"excerpt":{"rendered":"<p>En el Polideportivo Municipal &ldquo;El Aguar&aacute;&rdquo; se llev&oacute; a cabo la apertura oficial del Torneo Internacional de F&uacute;tbol Senior +50 &ldquo;Copa Ciudad de Santa Elena&rdquo;, con la presencia del Intendente Daniel Rossi y autoridades municipales. Este encuentro re&uacute;ne a delegaciones de distintos pa&iacute;ses, consolidando a Santa Elena como sede de eventos deportivos de car&aacute;cter internacional [&hellip;]<\/p>\n","protected":false},"author":2,"featured_media":28740,"comment_status":"closed","ping_status":"closed","sticky":false,"template":"","format":"standard","meta":{"footnotes":""},"categories":[4,3272,726],"tags":[6794,4042,2850,1715,1305,207,6793],"class_list":["post-28733","post","type-post","status-publish","format-standard","has-post-thumbnail","hentry","category-deportes","category-municipales","category-sociedad","tag-6794","tag-apertura","tag-encuentro","tag-futbol","tag-internacional","tag-santa-elena","tag-senior"],"_links":{"self":[{"href":"https:\/\/partediario.com.ar\/index.php?rest_route=\/wp\/v2\/posts\/28733","targetHints":{"allow":["GET"]}}],"collection":[{"href":"https:\/\/partediario.com.ar\/index.php?rest_route=\/wp\/v2\/posts"}],"about":[{"href":"https:\/\/partediario.com.ar\/index.php?rest_route=\/wp\/v2\/types\/post"}],"author":[{"embeddable":true,"href":"https:\/\/partediario.com.ar\/index.php?rest_route=\/wp\/v2\/users\/2"}],"replies":[{"embeddable":true,"href":"https:\/\/partediario.com.ar\/index.php?rest_route=%2Fwp%2Fv2%2Fcomments&post=28733"}],"version-history":[{"count":1,"href":"https:\/\/partediario.com.ar\/index.php?rest_route=\/wp\/v2\/posts\/28733\/revisions"}],"predecessor-version":[{"id":28741,"href":"https:\/\/partediario.com.ar\/index.php?rest_route=\/wp\/v2\/posts\/28733\/revisions\/28741"}],"wp:featuredmedia":[{"embeddable":true,"href":"https:\/\/partediario.com.ar\/index.php?rest_route=\/wp\/v2\/media\/28740"}],"wp:attachment":[{"href":"https:\/\/partediario.com.ar\/index.php?rest_route=%2Fwp%2Fv2%2Fmedia&parent=28733"}],"wp:term":[{"taxonomy":"category","embeddable":true,"href":"https:\/\/partediario.com.ar\/index.php?rest_route=%2Fwp%2Fv2%2Fcategories&post=28733"},{"taxonomy":"post_tag","embeddable":true,"href":"https:\/\/partediario.com.ar\/index.php?rest_route=%2Fwp%2Fv2%2Ftags&post=28733"}],"curies":[{"name":"wp","href":"https:\/\/api.w.org\/{rel}","templated":true}]}}